{"id":85003,"date":"2020-12-29T13:23:38","date_gmt":"2020-12-29T16:23:38","guid":{"rendered":"https:\/\/eldiariodesanpedro.com.ar\/sitio\/?p=85003"},"modified":"2020-12-29T13:23:42","modified_gmt":"2020-12-29T16:23:42","slug":"edicto-de-sucesion-de-hector-luis-guereta","status":"publish","type":"post","link":"https:\/\/eldiariodesanpedro.com.ar\/sitio\/edicto-de-sucesion-de-hector-luis-guereta\/","title":{"rendered":"Edicto de Sucesi\u00f3n de Hector Luis Guereta"},"content":{"rendered":"<!-- VideographyWP Plugin Message: Automatic video embedding prevented by plugin options. -->\n\n<p>El Juzgado de Paz de San Pedro, Secretar\u00eda \u00danica, del Departamento Judicial de San Nicol\u00e1s, cita y emplaza por treinta (30) d\u00edas a herederos y acreedores de <strong>Hector Luis Guereta<\/strong>.- San Pedro (B), 22 de Diciembre de 2020.-<\/p>\n\n\n\n<p>FACUNDO VELLON <br>ABOGADO SECRETARIO\u00a0<\/p>\n","protected":false},"excerpt":{"rendered":"<p>El Juzgado de Paz de San Pedro, Secretar\u00eda \u00danica, del Departamento Judicial de San Nicol\u00e1s, cita y emplaza por treinta (30) d\u00edas a herederos y acreedores de Hector Luis Guereta.- San Pedro (B), 22 de Diciembre de 2020.- FACUNDO VELLON ABOGADO SECRETARIO\u00a0<\/p>\n","protected":false},"author":4,"featured_media":81115,"comment_status":"open","ping_status":"closed","sticky":false,"template":"","format":"standard","meta":{"om_disable_all_campaigns":false,"_jetpack_memberships_contains_paid_content":false,"footnotes":""},"categories":[676,677],"tags":[1121,2034,1355,1122],"class_list":["post-85003","post","type-post","status-publish","format-standard","has-post-thumbnail","hentry","category-edictos","category-edictos-sucesorios","tag-edicto","tag-hector-luis-guereta","tag-judiciales","tag-sucesion"],"aioseo_notices":[],"gutentor_comment":0,"jetpack_featured_media_url":"https:\/\/eldiariodesanpedro.com.ar\/sitio\/wp-content\/uploads\/2020\/09\/Poder-Judicial.jpg","jetpack_shortlink":"https:\/\/wp.me\/p6RhLt-m71","jetpack_sharing_enabled":true,"_links":{"self":[{"href":"https:\/\/eldiariodesanpedro.com.ar\/sitio\/wp-json\/wp\/v2\/posts\/85003","targetHints":{"allow":["GET"]}}],"collection":[{"href":"https:\/\/eldiariodesanpedro.com.ar\/sitio\/wp-json\/wp\/v2\/posts"}],"about":[{"href":"https:\/\/eldiariodesanpedro.com.ar\/sitio\/wp-json\/wp\/v2\/types\/post"}],"author":[{"embeddable":true,"href":"https:\/\/eldiariodesanpedro.com.ar\/sitio\/wp-json\/wp\/v2\/users\/4"}],"replies":[{"embeddable":true,"href":"https:\/\/eldiariodesanpedro.com.ar\/sitio\/wp-json\/wp\/v2\/comments?post=85003"}],"version-history":[{"count":1,"href":"https:\/\/eldiariodesanpedro.com.ar\/sitio\/wp-json\/wp\/v2\/posts\/85003\/revisions"}],"predecessor-version":[{"id":85004,"href":"https:\/\/eldiariodesanpedro.com.ar\/sitio\/wp-json\/wp\/v2\/posts\/85003\/revisions\/85004"}],"wp:featuredmedia":[{"embeddable":true,"href":"https:\/\/eldiariodesanpedro.com.ar\/sitio\/wp-json\/wp\/v2\/media\/81115"}],"wp:attachment":[{"href":"https:\/\/eldiariodesanpedro.com.ar\/sitio\/wp-json\/wp\/v2\/media?parent=85003"}],"wp:term":[{"taxonomy":"category","embeddable":true,"href":"https:\/\/eldiariodesanpedro.com.ar\/sitio\/wp-json\/wp\/v2\/categories?post=85003"},{"taxonomy":"post_tag","embeddable":true,"href":"https:\/\/eldiariodesanpedro.com.ar\/sitio\/wp-json\/wp\/v2\/tags?post=85003"}],"curies":[{"name":"wp","href":"https:\/\/api.w.org\/{rel}","templated":true}]}}