{"id":84992,"date":"2020-12-29T12:41:17","date_gmt":"2020-12-29T15:41:17","guid":{"rendered":"https:\/\/eldiariodesanpedro.com.ar\/sitio\/?p=84992"},"modified":"2020-12-29T12:41:18","modified_gmt":"2020-12-29T15:41:18","slug":"comenzo-la-vacunacion-contra-el-covid-19-axel-kicillof-y-una-enfermera-fueron-los-primeros-en-recibir-la-sputnik-v-en-el-pais","status":"publish","type":"post","link":"https:\/\/eldiariodesanpedro.com.ar\/sitio\/comenzo-la-vacunacion-contra-el-covid-19-axel-kicillof-y-una-enfermera-fueron-los-primeros-en-recibir-la-sputnik-v-en-el-pais\/","title":{"rendered":"Comenz\u00f3 la vacunaci\u00f3n contra el COVID-19: Axel Kicillof y una enfermera fueron los primeros en recibir la Sputnik V en el pa\u00eds"},"content":{"rendered":"<!-- VideographyWP Plugin Message: Automatic video embedding prevented by plugin options. -->\n\n<p>En todo el pa\u00eds, y de manera simult\u00e1nea, comenz\u00f3 el operativo para vacunar a una parte de la poblaci\u00f3n argentina (el personal sanitario) contra el coronavirus con la primera dosis de Sputnik V. El tr\u00e1mite demora entre 8 y 12 minutos, desde que la persona llega, es vacunada, registrada y deja el centro de salud con su carnet.<\/p>\n\n\n\n<p>Las autoridades sanitarias comenzaron a utilizar las primeras\u00a0<strong>300.000 dosis<\/strong>\u00a0de la vacuna rusa que llegaron el 25 de diciembre a la Argentina. La segunda dosis requerida para completar la inmunizaci\u00f3n ser\u00e1 aplicada con el paquete de vacunas que -se prev\u00e9- llegue a mitad de enero al pa\u00eds.<\/p>\n\n\n\n<p>El ministro de Salud, Gin\u00e9s Gonz\u00e1lez Garc\u00eda, inici\u00f3 el operativo en el Hospital Posadas, ubicado en la localidad bonaerense de Mor\u00f3n. \u201cMi agradecimiento a todo el personal de salud; esta campa\u00f1a de vacunaci\u00f3n ser\u00e1 una verdadera epopeya, la m\u00e1s grande de la historia. Vamos a tener que seguir cuid\u00e1ndonos mucho, hasta que la vacuna haga efecto colectivo van a pasar muchos meses. Hay que esperar al menos 21 d\u00edas para la segunda dosis y hasta 60 d\u00edas m\u00e1s tarde tiene efecto la aplicaci\u00f3n de la segunda dosis\u201d, indic\u00f3 el funcionario desde el vacunatorio.<\/p>\n\n\n\n<p>En la provincia de Buenos Aires, el punto de partida simb\u00f3lico fue el Hospital San Mart\u00edn, de La Plata, con la vacunaci\u00f3n de un m\u00e9dico, un enfermero y una persona que cumple tareas de limpieza. El gobernador Axel Kicillof, que encabez\u00f3 el operativo, se anticip\u00f3 al inicio simult\u00e1neo en todo el pa\u00eds, se vacun\u00f3 antes de las 9 y se convirti\u00f3 en el primer pol\u00edtico en hacerlo. \u201cOrgulloso de haber puesto el hombro\u201d, se\u00f1al\u00f3 en sus redes.<\/p>\n\n\n\n<p>Todas las provincias recibieron las dosis durante el domingo y el lunes en paquetes termosellados y refrigerados. La provincia de\u00a0<strong>Buenos Aires<\/strong>\u00a0recibi\u00f3 123.000 dosis;\u00a0<strong>Santa Fe<\/strong>, 24.100;\u00a0<strong>la Ciudad Aut\u00f3noma de Buenos Aires<\/strong>, 23100;<strong>\u00a0C\u00f3rdoba<\/strong>, 21.900;<strong>\u00a0Tucum\u00e1n<\/strong>, 11.500;\u00a0<strong>Mendoza<\/strong>, 11.100;\u00a0<strong>Entre R\u00edos<\/strong>, 10.100;\u00a0<strong>Salta<\/strong>, 8300;\u00a0<strong>Chaco<\/strong>, 7700;<strong>\u00a0Corrientes<\/strong>, 6700;\u00a0<strong>Santiago del Estero<\/strong>, 5900;<strong>\u00a0Misiones<\/strong>, 5200;\u00a0<strong>San Juan<\/strong>, 4700;<strong>\u00a0Jujuy<\/strong>, 4600;<strong>\u00a0R\u00edo Negro<\/strong>, 4400;\u00a0<strong>Neuqu\u00e9n<\/strong>, 3600;\u00a0<strong>Formosa<\/strong>, 3400;\u00a0<strong>San Luis<\/strong>, 3300;\u00a0<strong>Chubut<\/strong>, 3000;\u00a0<strong>Catamarca<\/strong>, 2800;<strong>\u00a0La Rioja<\/strong>, 2600;\u00a0<strong>Santa Cruz<\/strong>, 2400;<strong>\u00a0La Pampa<\/strong>, 2300 y\u00a0<strong>Tierra del Fuego<\/strong>, 1300.<\/p>\n\n\n\n<p>Fuente: Infobae<\/p>\n","protected":false},"excerpt":{"rendered":"<p>En todo el pa\u00eds, y de manera simult\u00e1nea, comenz\u00f3 el operativo para vacunar a una parte de la poblaci\u00f3n argentina (el personal sanitario) contra el coronavirus con la primera dosis de Sputnik V. El tr\u00e1mite demora entre 8 y 12 minutos, desde que la persona llega, es vacunada, registrada y deja el centro de salud [&hellip;]<\/p>\n","protected":false},"author":4,"featured_media":84993,"comment_status":"open","ping_status":"closed","sticky":false,"template":"","format":"standard","meta":{"om_disable_all_campaigns":false,"_jetpack_memberships_contains_paid_content":false,"footnotes":""},"categories":[621],"tags":[2032,197,329,681,2015],"class_list":["post-84992","post","type-post","status-publish","format-standard","has-post-thumbnail","hentry","category-regionales","tag-axel-kicillof","tag-buenos-aires","tag-provincia","tag-regionales","tag-sputnik-v"],"aioseo_notices":[],"gutentor_comment":0,"jetpack_featured_media_url":"https:\/\/eldiariodesanpedro.com.ar\/sitio\/wp-content\/uploads\/2020\/12\/MTFI6X2XC5DHJCFALSF7PSJ6KY.jpg","jetpack_shortlink":"https:\/\/wp.me\/p6RhLt-m6Q","jetpack_sharing_enabled":true,"_links":{"self":[{"href":"https:\/\/eldiariodesanpedro.com.ar\/sitio\/wp-json\/wp\/v2\/posts\/84992","targetHints":{"allow":["GET"]}}],"collection":[{"href":"https:\/\/eldiariodesanpedro.com.ar\/sitio\/wp-json\/wp\/v2\/posts"}],"about":[{"href":"https:\/\/eldiariodesanpedro.com.ar\/sitio\/wp-json\/wp\/v2\/types\/post"}],"author":[{"embeddable":true,"href":"https:\/\/eldiariodesanpedro.com.ar\/sitio\/wp-json\/wp\/v2\/users\/4"}],"replies":[{"embeddable":true,"href":"https:\/\/eldiariodesanpedro.com.ar\/sitio\/wp-json\/wp\/v2\/comments?post=84992"}],"version-history":[{"count":1,"href":"https:\/\/eldiariodesanpedro.com.ar\/sitio\/wp-json\/wp\/v2\/posts\/84992\/revisions"}],"predecessor-version":[{"id":84994,"href":"https:\/\/eldiariodesanpedro.com.ar\/sitio\/wp-json\/wp\/v2\/posts\/84992\/revisions\/84994"}],"wp:featuredmedia":[{"embeddable":true,"href":"https:\/\/eldiariodesanpedro.com.ar\/sitio\/wp-json\/wp\/v2\/media\/84993"}],"wp:attachment":[{"href":"https:\/\/eldiariodesanpedro.com.ar\/sitio\/wp-json\/wp\/v2\/media?parent=84992"}],"wp:term":[{"taxonomy":"category","embeddable":true,"href":"https:\/\/eldiariodesanpedro.com.ar\/sitio\/wp-json\/wp\/v2\/categories?post=84992"},{"taxonomy":"post_tag","embeddable":true,"href":"https:\/\/eldiariodesanpedro.com.ar\/sitio\/wp-json\/wp\/v2\/tags?post=84992"}],"curies":[{"name":"wp","href":"https:\/\/api.w.org\/{rel}","templated":true}]}}