{"id":8499,"date":"2016-09-30T19:42:45","date_gmt":"2016-09-30T22:42:45","guid":{"rendered":"https:\/\/eldiariodesanpedro.com.ar\/sitio\/?p=8499"},"modified":"2016-09-30T19:42:45","modified_gmt":"2016-09-30T22:42:45","slug":"el-consorcio-confirmo-la-aprobacion-del-subsidio-para-el-dragado","status":"publish","type":"post","link":"https:\/\/eldiariodesanpedro.com.ar\/sitio\/el-consorcio-confirmo-la-aprobacion-del-subsidio-para-el-dragado\/","title":{"rendered":"El Consorcio confirm\u00f3 la aprobaci\u00f3n del subsidio para el dragado"},"content":{"rendered":"<p><!-- VideographyWP Plugin Message: Automatic video embedding prevented by plugin options. --><br \/>\nA trav\u00e9s de un comunicado, el Consorcio de Gesti\u00f3n del Puerto de San Pedro confirm\u00f3 que \u00abel subsecretario de Actividades Portuarias, H\u00e9ctor Marcelo Lobbosco, comunic\u00f3 oficialmente a este organismo la autorizaci\u00f3n de la gobernadora Mar\u00eda Eugenia Vidal para el otorgamiento del subsidio destinado al dragado que se ven\u00eda gestionando\u00bb.<br \/>\nEn ese sentido expresaron: \u00abLos fondos ser\u00e1n remitidos desde el Ministerio de la Producci\u00f3n, en donde se est\u00e1 esperando una ampliaci\u00f3n de partidas que, cuando se concrete, permitir\u00e1 la efectivizaci\u00f3n de la entrega. Con esta confirmaci\u00f3n se ha autorizado al Consorcio a iniciar los pliegos para el llamado a licitaci\u00f3n correspondiente\u00bb.  <\/p>\n","protected":false},"excerpt":{"rendered":"<p>A trav\u00e9s de un comunicado, el Consorcio de Gesti\u00f3n del Puerto de San Pedro confirm\u00f3 que \u00abel subsecretario de Actividades Portuarias, H\u00e9ctor Marcelo Lobbosco, comunic\u00f3 oficialmente a este organismo la autorizaci\u00f3n de la gobernadora Mar\u00eda Eugenia Vidal para el otorgamiento del subsidio destinado al dragado que se ven\u00eda gestionando\u00bb. En ese sentido expresaron: \u00abLos fondos [&hellip;]<\/p>\n","protected":false},"author":4,"featured_media":8500,"comment_status":"open","ping_status":"closed","sticky":false,"template":"","format":"standard","meta":{"om_disable_all_campaigns":false,"_jetpack_memberships_contains_paid_content":false,"footnotes":""},"categories":[101,2],"tags":[],"class_list":["post-8499","post","type-post","status-publish","format-standard","has-post-thumbnail","hentry","category-interes-general-locales","category-locales"],"aioseo_notices":[],"gutentor_comment":0,"jetpack_featured_media_url":"https:\/\/eldiariodesanpedro.com.ar\/sitio\/wp-content\/uploads\/2016\/09\/draga.jpg","jetpack_shortlink":"https:\/\/wp.me\/p6RhLt-2d5","jetpack_sharing_enabled":true,"_links":{"self":[{"href":"https:\/\/eldiariodesanpedro.com.ar\/sitio\/wp-json\/wp\/v2\/posts\/8499","targetHints":{"allow":["GET"]}}],"collection":[{"href":"https:\/\/eldiariodesanpedro.com.ar\/sitio\/wp-json\/wp\/v2\/posts"}],"about":[{"href":"https:\/\/eldiariodesanpedro.com.ar\/sitio\/wp-json\/wp\/v2\/types\/post"}],"author":[{"embeddable":true,"href":"https:\/\/eldiariodesanpedro.com.ar\/sitio\/wp-json\/wp\/v2\/users\/4"}],"replies":[{"embeddable":true,"href":"https:\/\/eldiariodesanpedro.com.ar\/sitio\/wp-json\/wp\/v2\/comments?post=8499"}],"version-history":[{"count":1,"href":"https:\/\/eldiariodesanpedro.com.ar\/sitio\/wp-json\/wp\/v2\/posts\/8499\/revisions"}],"predecessor-version":[{"id":8501,"href":"https:\/\/eldiariodesanpedro.com.ar\/sitio\/wp-json\/wp\/v2\/posts\/8499\/revisions\/8501"}],"wp:featuredmedia":[{"embeddable":true,"href":"https:\/\/eldiariodesanpedro.com.ar\/sitio\/wp-json\/wp\/v2\/media\/8500"}],"wp:attachment":[{"href":"https:\/\/eldiariodesanpedro.com.ar\/sitio\/wp-json\/wp\/v2\/media?parent=8499"}],"wp:term":[{"taxonomy":"category","embeddable":true,"href":"https:\/\/eldiariodesanpedro.com.ar\/sitio\/wp-json\/wp\/v2\/categories?post=8499"},{"taxonomy":"post_tag","embeddable":true,"href":"https:\/\/eldiariodesanpedro.com.ar\/sitio\/wp-json\/wp\/v2\/tags?post=8499"}],"curies":[{"name":"wp","href":"https:\/\/api.w.org\/{rel}","templated":true}]}}