{"id":84989,"date":"2020-12-29T12:34:38","date_gmt":"2020-12-29T15:34:38","guid":{"rendered":"https:\/\/eldiariodesanpedro.com.ar\/sitio\/?p=84989"},"modified":"2020-12-29T12:34:41","modified_gmt":"2020-12-29T15:34:41","slug":"empieza-la-vacunacion-en-110-hospitales-de-89-municipios-incluido-baradero","status":"publish","type":"post","link":"https:\/\/eldiariodesanpedro.com.ar\/sitio\/empieza-la-vacunacion-en-110-hospitales-de-89-municipios-incluido-baradero\/","title":{"rendered":"Empieza la vacunaci\u00f3n en 110 hospitales de 89 municipios incluido Baradero"},"content":{"rendered":"<!-- VideographyWP Plugin Message: Automatic video embedding prevented by plugin options. -->\n\n<p>Comenzar\u00e1 a las 9.30 de este martes, de forma simult\u00e1nea en todo el pa\u00eds. La provincia administrar\u00e1 123 mil dosis en la primera etapa de vacunaci\u00f3n.<\/p>\n\n\n\n<p>Este martes a las 9:30 el Gobierno bonaerense dar\u00e1 inicio al plan provincial de\u00a0vacunaci\u00f3n, que en esta primera etapa abarcar\u00e1 a 110 hospitales en 89 municipios y distribuir\u00e1 las m\u00e1s de 120 mil\u00a0dosis\u00a0que le corresponden a la\u00a0Provincia.<\/p>\n\n\n\n<p>El operativo se iniciar\u00e1 de manera simult\u00e1nea con el resto del pa\u00eds, en el marco del plan p\u00fablico, gratuito y optativo para la primera etapa del proceso de vacunaci\u00f3n contra el coronavirus.<\/p>\n\n\n\n<p>Seg\u00fan se inform\u00f3 oficialmente, el personal del sistema p\u00fablico y privado de salud de la provincia que opte por aplicarse la vacuna deber\u00e1 inscribirse en el sitio www.vacunatepba.gba.gob.ar para recibir su turno.<\/p>\n\n\n\n<p>Hasta el momento 315 mil personas se anotaron en la web, y se indic\u00f3 que el plan continuar\u00e1 priorizando a trabajadores de la seguridad y la educaci\u00f3n; personas mayores de 60 a\u00f1os y aquellas de entre 18 y 59 a\u00f1os que integren grupos de riesgo por presentar enfermedades preexistentes.<\/p>\n\n\n\n<p>La inscripci\u00f3n en el sitio web se encuentra abierta para todo aquel que quiera registrarse y recibir informaci\u00f3n sobre el plan provincial de vacunaci\u00f3n.<\/p>\n\n\n\n<p>\u201cLa vacunaci\u00f3n va a ser un proceso largo, que va a comenzar priorizando a los grupos que est\u00e1n m\u00e1s expuestos al virus y a la poblaci\u00f3n de riesgo\u201d, asegur\u00f3 el Gobernador y concluy\u00f3: \u201cTenemos que estar muy unidos y trabajar en conjunto para garantizar el \u00e9xito de la campa\u00f1a de vacunaci\u00f3n m\u00e1s grande de nuestra historia\u201d.<\/p>\n\n\n\n<p>Las vacunas est\u00e1n distribuidas<\/p>\n\n\n\n<p>El operativo de vacunaci\u00f3n comenzar\u00e1 de forma simult\u00e1nea ma\u00f1ana a las 9:30 en todas las provincias del pa\u00eds. Antes habr\u00e1 una conferencia de prensa de las principales autoridades nacionales y provinciales.<\/p>\n\n\n\n<p>Las 300 mil dosis de la vacuna Sputnik V que llegaron el 24 de diciembre ya fueron distribuidas en 32 puntos del pa\u00eds, en una campa\u00f1a que requiri\u00f3 tareas ininterrumpidas en las \u00faltimas 24 horas y la utilizaci\u00f3n de cientos de conservadoras, toneladas de hielo seco y un gran n\u00famero de camiones, seg\u00fan se inform\u00f3.<\/p>\n\n\n\n<p>En el reparto de la primera tanda de vacunas, la provincia de Buenos Aires fue la que m\u00e1s recibi\u00f3, con 123 mil dosis, seguido de Santa Fe (24.100); la Ciudad de Buenos Aires (23.100); C\u00f3rdoba (21.900); Tucum\u00e1n (11.500); Mendoza (11.000); Entre R\u00edos (10.100); Salta (8.300); Chaco (7.700); Corrientes (6.700); Santiago del Estero (5.900); Misiones (5.200); San Juan (4.700); Jujuy (4.600); R\u00edo Negro (4.400); Neuqu\u00e9n (3.600); Formosa (3.400); San Luis (3.300); Chubut (3.000); Catamarca, (2.800); La Rioja (2.600); Santa Cruz (2.400); La Pampa (2.300) y Tierra del Fuego (1.300).<\/p>\n","protected":false},"excerpt":{"rendered":"<p>Comenzar\u00e1 a las 9.30 de este martes, de forma simult\u00e1nea en todo el pa\u00eds. La provincia administrar\u00e1 123 mil dosis en la primera etapa de vacunaci\u00f3n. Este martes a las 9:30 el Gobierno bonaerense dar\u00e1 inicio al plan provincial de\u00a0vacunaci\u00f3n, que en esta primera etapa abarcar\u00e1 a 110 hospitales en 89 municipios y distribuir\u00e1 las [&hellip;]<\/p>\n","protected":false},"author":4,"featured_media":84990,"comment_status":"open","ping_status":"closed","sticky":false,"template":"","format":"standard","meta":{"om_disable_all_campaigns":false,"_jetpack_memberships_contains_paid_content":false,"footnotes":""},"categories":[2],"tags":[139,696,2015,2031],"class_list":["post-84989","post","type-post","status-publish","format-standard","has-post-thumbnail","hentry","category-locales","tag-baradero","tag-interes-general","tag-sputnik-v","tag-vacuna"],"aioseo_notices":[],"gutentor_comment":0,"jetpack_featured_media_url":"https:\/\/eldiariodesanpedro.com.ar\/sitio\/wp-content\/uploads\/2020\/12\/vacunacion-coronavirus.jpg","jetpack_shortlink":"https:\/\/wp.me\/p6RhLt-m6N","jetpack_sharing_enabled":true,"_links":{"self":[{"href":"https:\/\/eldiariodesanpedro.com.ar\/sitio\/wp-json\/wp\/v2\/posts\/84989","targetHints":{"allow":["GET"]}}],"collection":[{"href":"https:\/\/eldiariodesanpedro.com.ar\/sitio\/wp-json\/wp\/v2\/posts"}],"about":[{"href":"https:\/\/eldiariodesanpedro.com.ar\/sitio\/wp-json\/wp\/v2\/types\/post"}],"author":[{"embeddable":true,"href":"https:\/\/eldiariodesanpedro.com.ar\/sitio\/wp-json\/wp\/v2\/users\/4"}],"replies":[{"embeddable":true,"href":"https:\/\/eldiariodesanpedro.com.ar\/sitio\/wp-json\/wp\/v2\/comments?post=84989"}],"version-history":[{"count":1,"href":"https:\/\/eldiariodesanpedro.com.ar\/sitio\/wp-json\/wp\/v2\/posts\/84989\/revisions"}],"predecessor-version":[{"id":84991,"href":"https:\/\/eldiariodesanpedro.com.ar\/sitio\/wp-json\/wp\/v2\/posts\/84989\/revisions\/84991"}],"wp:featuredmedia":[{"embeddable":true,"href":"https:\/\/eldiariodesanpedro.com.ar\/sitio\/wp-json\/wp\/v2\/media\/84990"}],"wp:attachment":[{"href":"https:\/\/eldiariodesanpedro.com.ar\/sitio\/wp-json\/wp\/v2\/media?parent=84989"}],"wp:term":[{"taxonomy":"category","embeddable":true,"href":"https:\/\/eldiariodesanpedro.com.ar\/sitio\/wp-json\/wp\/v2\/categories?post=84989"},{"taxonomy":"post_tag","embeddable":true,"href":"https:\/\/eldiariodesanpedro.com.ar\/sitio\/wp-json\/wp\/v2\/tags?post=84989"}],"curies":[{"name":"wp","href":"https:\/\/api.w.org\/{rel}","templated":true}]}}