{"id":84985,"date":"2020-12-29T12:31:17","date_gmt":"2020-12-29T15:31:17","guid":{"rendered":"https:\/\/eldiariodesanpedro.com.ar\/sitio\/?p=84985"},"modified":"2020-12-29T12:31:21","modified_gmt":"2020-12-29T15:31:21","slug":"baradero-el-intendente-sanzio-fue-el-primer-vacunado-con-la-sputnik-v","status":"publish","type":"post","link":"https:\/\/eldiariodesanpedro.com.ar\/sitio\/baradero-el-intendente-sanzio-fue-el-primer-vacunado-con-la-sputnik-v\/","title":{"rendered":"BARADERO | El intendente Sanzio fue el primer vacunado con la Sputnik V"},"content":{"rendered":"<!-- VideographyWP Plugin Message: Automatic video embedding prevented by plugin options. -->\n\n<p>As\u00ed lo dec\u00eda el Intendente Esteban Sanzio quien, esta ma\u00f1ana en el hospital municipal, ya recibi\u00f3 la primera dosis de Sputnik V.<\/p>\n\n\n\n<p>Luego brind\u00f3 una conferencia de prensa donde agreg\u00f3: <em>\u201cEs una alegr\u00eda enorme, luego de casi un a\u00f1o, donde la sociedad debi\u00f3 soportar muchas situaciones complejas y esperamos que la gente de nuestra ciudad se vacune\u201d<\/em>.<\/p>\n\n\n\n<p><em>\u201cLa decisi\u00f3n de vacunarme primero fue para que no se genere ning\u00fan discurso alterno ni ninguna grieta\u201d<\/em> aclar\u00f3.<\/p>\n\n\n\n<p>Florencia D\u00edaz, la enfermera que vacun\u00f3 al intendente, refiri\u00f3 que no deben usar guantes por orden de la regi\u00f3n sanitaria y agreg\u00f3:<\/p>\n\n\n\n<p><em>\u201cTenemos un protocolo espec\u00edfico, los frascos son multidosis y viene congelados, debemos abrirlo y una vez descongelados debemos colocar las cinco dosis en media hora\u201d.<\/em><\/p>\n\n\n\n<p>Adem\u00e1s, el Subsecretario de Salud, Carlos Baliela explic\u00f3 que:<\/p>\n\n\n\n<p><em>\u201cUna vez vacunados deben estar 20 minutos para descartar sintomas adversos y para eso se coloca ox\u00edgeno, suero y una medicaci\u00f3n indicada para compensarlo en un sector especialmente dispuesto.\u00bb<\/em><\/p>\n\n\n\n<p>As\u00ed lo dec\u00eda el Intendente Esteban Sanzio quien, esta ma\u00f1ana en el hospital municipal, ya recibi\u00f3 la primera dosis de Sputnik V.<\/p>\n\n\n\n<p>Luego brind\u00f3 una conferencia de prensa donde agreg\u00f3: <em>\u201cEs una alegr\u00eda enorme, luego de casi un a\u00f1o, donde la sociedad debi\u00f3 soportar muchas situaciones complejas y esperamos que la gente de nuestra ciudad se vacune\u201d<\/em>.<\/p>\n\n\n\n<p><em>\u201cLa decisi\u00f3n de vacunarme primero fue para que no se genere ning\u00fan discurso alterno ni ninguna grieta\u201d<\/em> aclar\u00f3.<\/p>\n\n\n\n<p>Florencia D\u00edaz, la enfermera que vacun\u00f3 al intendente, refiri\u00f3 que no deben usar guantes por orden de la regi\u00f3n sanitaria y agreg\u00f3:<\/p>\n\n\n\n<p><em>\u201cTenemos un protocolo espec\u00edfico, los frascos son multidosis y viene congelados, debemos abrirlo y una vez descongelados debemos colocar las cinco dosis en media hora\u201d.<\/em><\/p>\n\n\n\n<p>Adem\u00e1s, el Subsecretario de Salud, Carlos Baliela explic\u00f3 que:<\/p>\n\n\n\n<p><em>\u201cUna vez vacunados deben estar 20 minutos para descartar sintomas adversos y para eso se coloca ox\u00edgeno, suero y una medicaci\u00f3n indicada para compensarlo en un sector especialmente dispuesto.\u00bb<\/em><\/p>\n\n\n\n<p>As\u00ed lo dec\u00eda el Intendente Esteban Sanzio quien, esta ma\u00f1ana en el hospital municipal, ya recibi\u00f3 la primera dosis de Sputnik V.<\/p>\n\n\n\n<p>Luego brind\u00f3 una conferencia de prensa donde agreg\u00f3: <em>\u201cEs una alegr\u00eda enorme, luego de casi un a\u00f1o, donde la sociedad debi\u00f3 soportar muchas situaciones complejas y esperamos que la gente de nuestra ciudad se vacune\u201d<\/em>.<\/p>\n\n\n\n<p><em>\u201cLa decisi\u00f3n de vacunarme primero fue para que no se genere ning\u00fan discurso alterno ni ninguna grieta\u201d<\/em> aclar\u00f3.<\/p>\n\n\n\n<p>Florencia D\u00edaz, la enfermera que vacun\u00f3 al intendente, refiri\u00f3 que no deben usar guantes por orden de la regi\u00f3n sanitaria y agreg\u00f3:<\/p>\n\n\n\n<p><em>\u201cTenemos un protocolo espec\u00edfico, los frascos son multidosis y viene congelados, debemos abrirlo y una vez descongelados debemos colocar las cinco dosis en media hora\u201d.<\/em><\/p>\n\n\n\n<p>Adem\u00e1s, el Subsecretario de Salud, Carlos Baliela explic\u00f3 que:<\/p>\n\n\n\n<p><em>\u201cUna vez vacunados deben estar 20 minutos para descartar sintomas adversos y para eso se coloca ox\u00edgeno, suero y una medicaci\u00f3n indicada para compensarlo en un sector especialmente dispuesto.\u00bb<\/em><\/p>\n\n\n\n<figure class=\"wp-block-image size-large\"><img decoding=\"async\" width=\"498\" height=\"1024\" data-attachment-id=\"84986\" data-permalink=\"https:\/\/eldiariodesanpedro.com.ar\/sitio\/baradero-el-intendente-sanzio-fue-el-primer-vacunado-con-la-sputnik-v\/32ae5480-afa0-4181-8f17-849972db9e23\/\" data-orig-file=\"https:\/\/eldiariodesanpedro.com.ar\/sitio\/wp-content\/uploads\/2020\/12\/32ae5480-afa0-4181-8f17-849972db9e23.jpg\" data-orig-size=\"622,1280\" data-comments-opened=\"1\" data-image-meta=\"{&quot;aperture&quot;:&quot;0&quot;,&quot;credit&quot;:&quot;&quot;,&quot;camera&quot;:&quot;&quot;,&quot;caption&quot;:&quot;&quot;,&quot;created_timestamp&quot;:&quot;0&quot;,&quot;copyright&quot;:&quot;&quot;,&quot;focal_length&quot;:&quot;0&quot;,&quot;iso&quot;:&quot;0&quot;,&quot;shutter_speed&quot;:&quot;0&quot;,&quot;title&quot;:&quot;&quot;,&quot;orientation&quot;:&quot;0&quot;}\" data-image-title=\"32ae5480-afa0-4181-8f17-849972db9e23\" data-image-description=\"\" data-image-caption=\"\" data-large-file=\"https:\/\/eldiariodesanpedro.com.ar\/sitio\/wp-content\/uploads\/2020\/12\/32ae5480-afa0-4181-8f17-849972db9e23-498x1024.jpg\" data-src=\"https:\/\/eldiariodesanpedro.com.ar\/sitio\/wp-content\/uploads\/2020\/12\/32ae5480-afa0-4181-8f17-849972db9e23-498x1024.jpg\" alt=\"\" class=\"wp-image-84986 lazyload\" data-srcset=\"https:\/\/eldiariodesanpedro.com.ar\/sitio\/wp-content\/uploads\/2020\/12\/32ae5480-afa0-4181-8f17-849972db9e23-498x1024.jpg 498w, https:\/\/eldiariodesanpedro.com.ar\/sitio\/wp-content\/uploads\/2020\/12\/32ae5480-afa0-4181-8f17-849972db9e23-146x300.jpg 146w, https:\/\/eldiariodesanpedro.com.ar\/sitio\/wp-content\/uploads\/2020\/12\/32ae5480-afa0-4181-8f17-849972db9e23.jpg 622w\" data-sizes=\"(max-width: 498px) 100vw, 498px\" src=\"data:image\/svg+xml;base64,PHN2ZyB3aWR0aD0iMSIgaGVpZ2h0PSIxIiB4bWxucz0iaHR0cDovL3d3dy53My5vcmcvMjAwMC9zdmciPjwvc3ZnPg==\" style=\"--smush-placeholder-width: 498px; --smush-placeholder-aspect-ratio: 498\/1024;\" \/><\/figure>\n\n\n\n<p>Fuente: Baaradero te Informa<\/p>\n","protected":false},"excerpt":{"rendered":"<p>As\u00ed lo dec\u00eda el Intendente Esteban Sanzio quien, esta ma\u00f1ana en el hospital municipal, ya recibi\u00f3 la primera dosis de Sputnik V. Luego brind\u00f3 una conferencia de prensa donde agreg\u00f3: \u201cEs una alegr\u00eda enorme, luego de casi un a\u00f1o, donde la sociedad debi\u00f3 soportar muchas situaciones complejas y esperamos que la gente de nuestra ciudad [&hellip;]<\/p>\n","protected":false},"author":4,"featured_media":84987,"comment_status":"open","ping_status":"closed","sticky":false,"template":"","format":"standard","meta":{"om_disable_all_campaigns":false,"_jetpack_memberships_contains_paid_content":false,"footnotes":""},"categories":[50,621],"tags":[139,197,681],"class_list":["post-84985","post","type-post","status-publish","format-standard","has-post-thumbnail","hentry","category-destacadas","category-regionales","tag-baradero","tag-buenos-aires","tag-regionales"],"aioseo_notices":[],"gutentor_comment":0,"jetpack_featured_media_url":"https:\/\/eldiariodesanpedro.com.ar\/sitio\/wp-content\/uploads\/2020\/12\/Sin-titulo-1-4.jpg","jetpack_shortlink":"https:\/\/wp.me\/p6RhLt-m6J","jetpack_sharing_enabled":true,"_links":{"self":[{"href":"https:\/\/eldiariodesanpedro.com.ar\/sitio\/wp-json\/wp\/v2\/posts\/84985","targetHints":{"allow":["GET"]}}],"collection":[{"href":"https:\/\/eldiariodesanpedro.com.ar\/sitio\/wp-json\/wp\/v2\/posts"}],"about":[{"href":"https:\/\/eldiariodesanpedro.com.ar\/sitio\/wp-json\/wp\/v2\/types\/post"}],"author":[{"embeddable":true,"href":"https:\/\/eldiariodesanpedro.com.ar\/sitio\/wp-json\/wp\/v2\/users\/4"}],"replies":[{"embeddable":true,"href":"https:\/\/eldiariodesanpedro.com.ar\/sitio\/wp-json\/wp\/v2\/comments?post=84985"}],"version-history":[{"count":1,"href":"https:\/\/eldiariodesanpedro.com.ar\/sitio\/wp-json\/wp\/v2\/posts\/84985\/revisions"}],"predecessor-version":[{"id":84988,"href":"https:\/\/eldiariodesanpedro.com.ar\/sitio\/wp-json\/wp\/v2\/posts\/84985\/revisions\/84988"}],"wp:featuredmedia":[{"embeddable":true,"href":"https:\/\/eldiariodesanpedro.com.ar\/sitio\/wp-json\/wp\/v2\/media\/84987"}],"wp:attachment":[{"href":"https:\/\/eldiariodesanpedro.com.ar\/sitio\/wp-json\/wp\/v2\/media?parent=84985"}],"wp:term":[{"taxonomy":"category","embeddable":true,"href":"https:\/\/eldiariodesanpedro.com.ar\/sitio\/wp-json\/wp\/v2\/categories?post=84985"},{"taxonomy":"post_tag","embeddable":true,"href":"https:\/\/eldiariodesanpedro.com.ar\/sitio\/wp-json\/wp\/v2\/tags?post=84985"}],"curies":[{"name":"wp","href":"https:\/\/api.w.org\/{rel}","templated":true}]}}