{"id":84978,"date":"2020-12-29T12:20:39","date_gmt":"2020-12-29T15:20:39","guid":{"rendered":"https:\/\/eldiariodesanpedro.com.ar\/sitio\/?p=84978"},"modified":"2020-12-29T12:20:42","modified_gmt":"2020-12-29T15:20:42","slug":"el-intendente-y-el-consejo-escolar-analizaron-las-obras-escolares-del-2021","status":"publish","type":"post","link":"https:\/\/eldiariodesanpedro.com.ar\/sitio\/el-intendente-y-el-consejo-escolar-analizaron-las-obras-escolares-del-2021\/","title":{"rendered":"El Intendente y el Consejo Escolar analizaron las obras escolares del 2021"},"content":{"rendered":"<!-- VideographyWP Plugin Message: Automatic video embedding prevented by plugin options. -->\n\n<p>El Intendente Municipal Cecilio Salazar recibi\u00f3 este mediod\u00eda a integrantes del Consejo Escolar, encabezados por su presidente Marcelo Paganuchi para realizar una evaluaci\u00f3n general de la marcha y proyecci\u00f3n de las obras escolares que se encuentran en ejecuci\u00f3n y las que se espera poder concretar durante el a\u00f1o pr\u00f3ximo.<\/p>\n\n\n\n<p>El prop\u00f3sito es continuar trabajando de manera articulada entre el gobierno y el consejo para que en el inicio del pr\u00f3ximo ciclo lectivo se pueda contar una renovada infraestructura en diferentes establecimientos de San Pedro y las localidades.<\/p>\n\n\n\n<p>Junto a Paganuchi, fueron parte de la reuni\u00f3n los consejeros Gustavo Liloff, Fernando Cajide y Cecilia Macchia. Adem\u00e1s de los expedientes conocidos y de los que han sido presentados ante las autoridades provinciales, se analiz\u00f3 en el encuentro un plan de inversi\u00f3n para reforzar la conectividad de todos los establecimientos con recursos provenientes del Fondo Educativo.<\/p>\n\n\n\n<p>La Pandemia de Covid-19 que modific\u00f3 la din\u00e1mica de la educaci\u00f3n y las comunicaciones en general en todos los niveles ha dejado en evidencia esta necesidad sobre la que se pondr\u00e1 especial \u00e9nfasis. Los consejeros aprovecharon el encuentro para transmitir sus inquietudes al Intendente y las perspectivas para los meses pr\u00f3ximos son alentadoras, aguardando que con todas las medidas de prevenci\u00f3n conocidas, para el pr\u00f3ximo a\u00f1o el sistema educativo vaya recuperando su din\u00e1mica habitual.<\/p>\n","protected":false},"excerpt":{"rendered":"<p>El Intendente Municipal Cecilio Salazar recibi\u00f3 este mediod\u00eda a integrantes del Consejo Escolar, encabezados por su presidente Marcelo Paganuchi para realizar una evaluaci\u00f3n general de la marcha y proyecci\u00f3n de las obras escolares que se encuentran en ejecuci\u00f3n y las que se espera poder concretar durante el a\u00f1o pr\u00f3ximo. El prop\u00f3sito es continuar trabajando de [&hellip;]<\/p>\n","protected":false},"author":4,"featured_media":84983,"comment_status":"open","ping_status":"closed","sticky":false,"template":"","format":"standard","meta":{"om_disable_all_campaigns":false,"_jetpack_memberships_contains_paid_content":false,"footnotes":""},"categories":[101,2],"tags":[33],"class_list":["post-84978","post","type-post","status-publish","format-standard","has-post-thumbnail","hentry","category-interes-general-locales","category-locales","tag-locales"],"aioseo_notices":[],"gutentor_comment":0,"jetpack_featured_media_url":"https:\/\/eldiariodesanpedro.com.ar\/sitio\/wp-content\/uploads\/2020\/12\/IMG-20201228-WA0050.jpg","jetpack_shortlink":"https:\/\/wp.me\/p6RhLt-m6C","jetpack_sharing_enabled":true,"_links":{"self":[{"href":"https:\/\/eldiariodesanpedro.com.ar\/sitio\/wp-json\/wp\/v2\/posts\/84978","targetHints":{"allow":["GET"]}}],"collection":[{"href":"https:\/\/eldiariodesanpedro.com.ar\/sitio\/wp-json\/wp\/v2\/posts"}],"about":[{"href":"https:\/\/eldiariodesanpedro.com.ar\/sitio\/wp-json\/wp\/v2\/types\/post"}],"author":[{"embeddable":true,"href":"https:\/\/eldiariodesanpedro.com.ar\/sitio\/wp-json\/wp\/v2\/users\/4"}],"replies":[{"embeddable":true,"href":"https:\/\/eldiariodesanpedro.com.ar\/sitio\/wp-json\/wp\/v2\/comments?post=84978"}],"version-history":[{"count":1,"href":"https:\/\/eldiariodesanpedro.com.ar\/sitio\/wp-json\/wp\/v2\/posts\/84978\/revisions"}],"predecessor-version":[{"id":84984,"href":"https:\/\/eldiariodesanpedro.com.ar\/sitio\/wp-json\/wp\/v2\/posts\/84978\/revisions\/84984"}],"wp:featuredmedia":[{"embeddable":true,"href":"https:\/\/eldiariodesanpedro.com.ar\/sitio\/wp-json\/wp\/v2\/media\/84983"}],"wp:attachment":[{"href":"https:\/\/eldiariodesanpedro.com.ar\/sitio\/wp-json\/wp\/v2\/media?parent=84978"}],"wp:term":[{"taxonomy":"category","embeddable":true,"href":"https:\/\/eldiariodesanpedro.com.ar\/sitio\/wp-json\/wp\/v2\/categories?post=84978"},{"taxonomy":"post_tag","embeddable":true,"href":"https:\/\/eldiariodesanpedro.com.ar\/sitio\/wp-json\/wp\/v2\/tags?post=84978"}],"curies":[{"name":"wp","href":"https:\/\/api.w.org\/{rel}","templated":true}]}}