{"id":84976,"date":"2020-12-29T12:13:09","date_gmt":"2020-12-29T15:13:09","guid":{"rendered":"https:\/\/eldiariodesanpedro.com.ar\/sitio\/?p=84976"},"modified":"2020-12-29T12:13:13","modified_gmt":"2020-12-29T15:13:13","slug":"hombre-aprehendido-por-tenencia-de-arma-blanca-en-via-publica","status":"publish","type":"post","link":"https:\/\/eldiariodesanpedro.com.ar\/sitio\/hombre-aprehendido-por-tenencia-de-arma-blanca-en-via-publica\/","title":{"rendered":"Hombre aprehendido por tenencia de arma blanca en v\u00eda  p\u00fablica"},"content":{"rendered":"<!-- VideographyWP Plugin Message: Automatic video embedding prevented by plugin options. -->\n\n<p>Este lunes efectivos de la polic\u00eda bonaerense se hacen presente en un m\u00f3vil en calle Rivadavia y Juan B. Justo, desde donde se traslad\u00f3 a sede policial a un ciudadano de 53 a\u00f1os, a quien se le secuestr\u00f3 en su poder arma blanca.&nbsp;<\/p>\n\n\n\n<p>Tom\u00f3 intervenci\u00f3n el Juzgado de Paz local por infracci\u00f3n al c\u00f3digo de faltas.-<\/p>\n","protected":false},"excerpt":{"rendered":"<p>Este lunes efectivos de la polic\u00eda bonaerense se hacen presente en un m\u00f3vil en calle Rivadavia y Juan B. Justo, desde donde se traslad\u00f3 a sede policial a un ciudadano de 53 a\u00f1os, a quien se le secuestr\u00f3 en su poder arma blanca.&nbsp; Tom\u00f3 intervenci\u00f3n el Juzgado de Paz local por infracci\u00f3n al c\u00f3digo de [&hellip;]<\/p>\n","protected":false},"author":4,"featured_media":84965,"comment_status":"open","ping_status":"closed","sticky":false,"template":"","format":"standard","meta":{"om_disable_all_campaigns":false,"_jetpack_memberships_contains_paid_content":false,"footnotes":""},"categories":[2,103],"tags":[33,95],"class_list":["post-84976","post","type-post","status-publish","format-standard","has-post-thumbnail","hentry","category-locales","category-policiales-locales","tag-locales","tag-policiales"],"aioseo_notices":[],"gutentor_comment":0,"jetpack_featured_media_url":"https:\/\/eldiariodesanpedro.com.ar\/sitio\/wp-content\/uploads\/2020\/12\/IMG-20201229-WA0021.jpg","jetpack_shortlink":"https:\/\/wp.me\/p6RhLt-m6A","jetpack_sharing_enabled":true,"_links":{"self":[{"href":"https:\/\/eldiariodesanpedro.com.ar\/sitio\/wp-json\/wp\/v2\/posts\/84976","targetHints":{"allow":["GET"]}}],"collection":[{"href":"https:\/\/eldiariodesanpedro.com.ar\/sitio\/wp-json\/wp\/v2\/posts"}],"about":[{"href":"https:\/\/eldiariodesanpedro.com.ar\/sitio\/wp-json\/wp\/v2\/types\/post"}],"author":[{"embeddable":true,"href":"https:\/\/eldiariodesanpedro.com.ar\/sitio\/wp-json\/wp\/v2\/users\/4"}],"replies":[{"embeddable":true,"href":"https:\/\/eldiariodesanpedro.com.ar\/sitio\/wp-json\/wp\/v2\/comments?post=84976"}],"version-history":[{"count":1,"href":"https:\/\/eldiariodesanpedro.com.ar\/sitio\/wp-json\/wp\/v2\/posts\/84976\/revisions"}],"predecessor-version":[{"id":84977,"href":"https:\/\/eldiariodesanpedro.com.ar\/sitio\/wp-json\/wp\/v2\/posts\/84976\/revisions\/84977"}],"wp:featuredmedia":[{"embeddable":true,"href":"https:\/\/eldiariodesanpedro.com.ar\/sitio\/wp-json\/wp\/v2\/media\/84965"}],"wp:attachment":[{"href":"https:\/\/eldiariodesanpedro.com.ar\/sitio\/wp-json\/wp\/v2\/media?parent=84976"}],"wp:term":[{"taxonomy":"category","embeddable":true,"href":"https:\/\/eldiariodesanpedro.com.ar\/sitio\/wp-json\/wp\/v2\/categories?post=84976"},{"taxonomy":"post_tag","embeddable":true,"href":"https:\/\/eldiariodesanpedro.com.ar\/sitio\/wp-json\/wp\/v2\/tags?post=84976"}],"curies":[{"name":"wp","href":"https:\/\/api.w.org\/{rel}","templated":true}]}}