{"id":84972,"date":"2020-12-29T12:08:03","date_gmt":"2020-12-29T15:08:03","guid":{"rendered":"https:\/\/eldiariodesanpedro.com.ar\/sitio\/?p=84972"},"modified":"2020-12-29T12:08:04","modified_gmt":"2020-12-29T15:08:04","slug":"dos-aprehendidos-con-marihuana","status":"publish","type":"post","link":"https:\/\/eldiariodesanpedro.com.ar\/sitio\/dos-aprehendidos-con-marihuana\/","title":{"rendered":"Dos aprehendidos con marihuana"},"content":{"rendered":"<!-- VideographyWP Plugin Message: Automatic video embedding prevented by plugin options. -->\n\n<p>La polic\u00eda de nuestra ciudad realiz\u00f3 dos procedimientos en la v\u00eda p\u00fablica\u00a0 en el dia de ayer, con secuestro de sustancia marihuana \u00ednfimo pesaje.<\/p>\n\n\n\n<p>Se trasladaron de distintos puntos de la ciudad a una mujer de 19 a\u00f1os y un masculino de 21, fines notificaci\u00f3n de la formaci\u00f3n de la causa judicial con intervenci\u00f3n de la justicia local.<\/p>\n","protected":false},"excerpt":{"rendered":"<p>La polic\u00eda de nuestra ciudad realiz\u00f3 dos procedimientos en la v\u00eda p\u00fablica\u00a0 en el dia de ayer, con secuestro de sustancia marihuana \u00ednfimo pesaje. Se trasladaron de distintos puntos de la ciudad a una mujer de 19 a\u00f1os y un masculino de 21, fines notificaci\u00f3n de la formaci\u00f3n de la causa judicial con intervenci\u00f3n de [&hellip;]<\/p>\n","protected":false},"author":4,"featured_media":76955,"comment_status":"open","ping_status":"closed","sticky":false,"template":"","format":"standard","meta":{"om_disable_all_campaigns":false,"_jetpack_memberships_contains_paid_content":false,"footnotes":""},"categories":[2,103],"tags":[],"class_list":["post-84972","post","type-post","status-publish","format-standard","has-post-thumbnail","hentry","category-locales","category-policiales-locales"],"aioseo_notices":[],"gutentor_comment":0,"jetpack_featured_media_url":"https:\/\/eldiariodesanpedro.com.ar\/sitio\/wp-content\/uploads\/2020\/06\/detenido-esposado.jpg","jetpack_shortlink":"https:\/\/wp.me\/p6RhLt-m6w","jetpack_sharing_enabled":true,"_links":{"self":[{"href":"https:\/\/eldiariodesanpedro.com.ar\/sitio\/wp-json\/wp\/v2\/posts\/84972","targetHints":{"allow":["GET"]}}],"collection":[{"href":"https:\/\/eldiariodesanpedro.com.ar\/sitio\/wp-json\/wp\/v2\/posts"}],"about":[{"href":"https:\/\/eldiariodesanpedro.com.ar\/sitio\/wp-json\/wp\/v2\/types\/post"}],"author":[{"embeddable":true,"href":"https:\/\/eldiariodesanpedro.com.ar\/sitio\/wp-json\/wp\/v2\/users\/4"}],"replies":[{"embeddable":true,"href":"https:\/\/eldiariodesanpedro.com.ar\/sitio\/wp-json\/wp\/v2\/comments?post=84972"}],"version-history":[{"count":1,"href":"https:\/\/eldiariodesanpedro.com.ar\/sitio\/wp-json\/wp\/v2\/posts\/84972\/revisions"}],"predecessor-version":[{"id":84973,"href":"https:\/\/eldiariodesanpedro.com.ar\/sitio\/wp-json\/wp\/v2\/posts\/84972\/revisions\/84973"}],"wp:featuredmedia":[{"embeddable":true,"href":"https:\/\/eldiariodesanpedro.com.ar\/sitio\/wp-json\/wp\/v2\/media\/76955"}],"wp:attachment":[{"href":"https:\/\/eldiariodesanpedro.com.ar\/sitio\/wp-json\/wp\/v2\/media?parent=84972"}],"wp:term":[{"taxonomy":"category","embeddable":true,"href":"https:\/\/eldiariodesanpedro.com.ar\/sitio\/wp-json\/wp\/v2\/categories?post=84972"},{"taxonomy":"post_tag","embeddable":true,"href":"https:\/\/eldiariodesanpedro.com.ar\/sitio\/wp-json\/wp\/v2\/tags?post=84972"}],"curies":[{"name":"wp","href":"https:\/\/api.w.org\/{rel}","templated":true}]}}