{"id":84960,"date":"2020-12-29T12:06:48","date_gmt":"2020-12-29T15:06:48","guid":{"rendered":"https:\/\/eldiariodesanpedro.com.ar\/sitio\/?p=84960"},"modified":"2020-12-29T12:06:52","modified_gmt":"2020-12-29T15:06:52","slug":"secuestro-de-un-arma-de-fuego-en-allanamiento","status":"publish","type":"post","link":"https:\/\/eldiariodesanpedro.com.ar\/sitio\/secuestro-de-un-arma-de-fuego-en-allanamiento\/","title":{"rendered":"Secuestro de un  arma de fuego en allanamiento"},"content":{"rendered":"<!-- VideographyWP Plugin Message: Automatic video embedding prevented by plugin options. -->\n\n<p>En el marco de un hecho de amenazas denunciado en el mes de noviembre ci intervenci\u00f3n de la justicia local, en la tarde de ayer personal del gabinete criminol\u00f3gico de la comisar\u00eda, diligenci\u00f3 una orden de allanamiento extendida para un domicilio particular de Beaumont al 1000 all\u00ed se procedi\u00f3 al secuestro de un arma de fuego tipo revolver calibre 22 y municiones mismo calibre intactas.&nbsp;<\/p>\n\n\n\n<p>Respecto del morador se cumplieron recaudos legales por el hecho de amenazas as\u00ed como tenencia de arma de fuego.<\/p>\n","protected":false},"excerpt":{"rendered":"<p>En el marco de un hecho de amenazas denunciado en el mes de noviembre ci intervenci\u00f3n de la justicia local, en la tarde de ayer personal del gabinete criminol\u00f3gico de la comisar\u00eda, diligenci\u00f3 una orden de allanamiento extendida para un domicilio particular de Beaumont al 1000 all\u00ed se procedi\u00f3 al secuestro de un arma de [&hellip;]<\/p>\n","protected":false},"author":4,"featured_media":84964,"comment_status":"open","ping_status":"closed","sticky":false,"template":"","format":"standard","meta":{"om_disable_all_campaigns":false,"_jetpack_memberships_contains_paid_content":false,"footnotes":""},"categories":[2,103],"tags":[33,95],"class_list":["post-84960","post","type-post","status-publish","format-standard","has-post-thumbnail","hentry","category-locales","category-policiales-locales","tag-locales","tag-policiales"],"aioseo_notices":[],"gutentor_comment":0,"jetpack_featured_media_url":"https:\/\/eldiariodesanpedro.com.ar\/sitio\/wp-content\/uploads\/2020\/12\/IMG-20201229-WA0022.jpg","jetpack_shortlink":"https:\/\/wp.me\/p6RhLt-m6k","jetpack_sharing_enabled":true,"_links":{"self":[{"href":"https:\/\/eldiariodesanpedro.com.ar\/sitio\/wp-json\/wp\/v2\/posts\/84960","targetHints":{"allow":["GET"]}}],"collection":[{"href":"https:\/\/eldiariodesanpedro.com.ar\/sitio\/wp-json\/wp\/v2\/posts"}],"about":[{"href":"https:\/\/eldiariodesanpedro.com.ar\/sitio\/wp-json\/wp\/v2\/types\/post"}],"author":[{"embeddable":true,"href":"https:\/\/eldiariodesanpedro.com.ar\/sitio\/wp-json\/wp\/v2\/users\/4"}],"replies":[{"embeddable":true,"href":"https:\/\/eldiariodesanpedro.com.ar\/sitio\/wp-json\/wp\/v2\/comments?post=84960"}],"version-history":[{"count":1,"href":"https:\/\/eldiariodesanpedro.com.ar\/sitio\/wp-json\/wp\/v2\/posts\/84960\/revisions"}],"predecessor-version":[{"id":84971,"href":"https:\/\/eldiariodesanpedro.com.ar\/sitio\/wp-json\/wp\/v2\/posts\/84960\/revisions\/84971"}],"wp:featuredmedia":[{"embeddable":true,"href":"https:\/\/eldiariodesanpedro.com.ar\/sitio\/wp-json\/wp\/v2\/media\/84964"}],"wp:attachment":[{"href":"https:\/\/eldiariodesanpedro.com.ar\/sitio\/wp-json\/wp\/v2\/media?parent=84960"}],"wp:term":[{"taxonomy":"category","embeddable":true,"href":"https:\/\/eldiariodesanpedro.com.ar\/sitio\/wp-json\/wp\/v2\/categories?post=84960"},{"taxonomy":"post_tag","embeddable":true,"href":"https:\/\/eldiariodesanpedro.com.ar\/sitio\/wp-json\/wp\/v2\/tags?post=84960"}],"curies":[{"name":"wp","href":"https:\/\/api.w.org\/{rel}","templated":true}]}}