{"id":8496,"date":"2016-09-30T19:40:55","date_gmt":"2016-09-30T22:40:55","guid":{"rendered":"https:\/\/eldiariodesanpedro.com.ar\/sitio\/?p=8496"},"modified":"2016-09-30T19:40:55","modified_gmt":"2016-09-30T22:40:55","slug":"presentan-la-fiesta-de-las-colectividades","status":"publish","type":"post","link":"https:\/\/eldiariodesanpedro.com.ar\/sitio\/presentan-la-fiesta-de-las-colectividades\/","title":{"rendered":"Presentan la Fiesta de las Colectividades"},"content":{"rendered":"<p><!-- VideographyWP Plugin Message: Automatic video embedding prevented by plugin options. --><br \/>\nLa Direcci\u00f3n de Cultura ha convocado a los medios locales a la presentaci\u00f3n de la Fiesta de las Colectividades. La conferencia de prensa ser\u00e1 el pr\u00f3ximo martes 4 a las 10.00 en la sede de Salta y Arnaldo.<br \/>\nSeg\u00fan se ha anticipado el cronograma comenzar\u00e1 el s\u00e1bado 8 con Fent Polseguera, Studio All Dance, Vieja Guarda, Chacovachi (Obra Festival de Clown), Sol Altolaguirre, O Tolerancia, Invade, Batucada Brasilera, Gls.<br \/>\nY el domingo 9 se presentar\u00e1n en el escenario a Andr\u00e9s Albano y Eliana Rosso, Baile Salsa, Mb Danza \u00c1rabe, Tamara Pettone Gym, Hnos. Moyano, Hnos. Krenz, Pablo Ram\u00edrez, Maru Marzuk, Brian V\u00e1zquez, Tumbao Show.<\/p>\n","protected":false},"excerpt":{"rendered":"<p>La Direcci\u00f3n de Cultura ha convocado a los medios locales a la presentaci\u00f3n de la Fiesta de las Colectividades. La conferencia de prensa ser\u00e1 el pr\u00f3ximo martes 4 a las 10.00 en la sede de Salta y Arnaldo. Seg\u00fan se ha anticipado el cronograma comenzar\u00e1 el s\u00e1bado 8 con Fent Polseguera, Studio All Dance, Vieja [&hellip;]<\/p>\n","protected":false},"author":4,"featured_media":8497,"comment_status":"open","ping_status":"closed","sticky":false,"template":"","format":"standard","meta":{"om_disable_all_campaigns":false,"_jetpack_memberships_contains_paid_content":false,"footnotes":""},"categories":[50,101,2],"tags":[],"class_list":["post-8496","post","type-post","status-publish","format-standard","has-post-thumbnail","hentry","category-destacadas","category-interes-general-locales","category-locales"],"aioseo_notices":[],"gutentor_comment":0,"jetpack_featured_media_url":"https:\/\/eldiariodesanpedro.com.ar\/sitio\/wp-content\/uploads\/2016\/09\/PAGINA-6-17.jpg","jetpack_shortlink":"https:\/\/wp.me\/p6RhLt-2d2","jetpack_sharing_enabled":true,"_links":{"self":[{"href":"https:\/\/eldiariodesanpedro.com.ar\/sitio\/wp-json\/wp\/v2\/posts\/8496","targetHints":{"allow":["GET"]}}],"collection":[{"href":"https:\/\/eldiariodesanpedro.com.ar\/sitio\/wp-json\/wp\/v2\/posts"}],"about":[{"href":"https:\/\/eldiariodesanpedro.com.ar\/sitio\/wp-json\/wp\/v2\/types\/post"}],"author":[{"embeddable":true,"href":"https:\/\/eldiariodesanpedro.com.ar\/sitio\/wp-json\/wp\/v2\/users\/4"}],"replies":[{"embeddable":true,"href":"https:\/\/eldiariodesanpedro.com.ar\/sitio\/wp-json\/wp\/v2\/comments?post=8496"}],"version-history":[{"count":1,"href":"https:\/\/eldiariodesanpedro.com.ar\/sitio\/wp-json\/wp\/v2\/posts\/8496\/revisions"}],"predecessor-version":[{"id":8498,"href":"https:\/\/eldiariodesanpedro.com.ar\/sitio\/wp-json\/wp\/v2\/posts\/8496\/revisions\/8498"}],"wp:featuredmedia":[{"embeddable":true,"href":"https:\/\/eldiariodesanpedro.com.ar\/sitio\/wp-json\/wp\/v2\/media\/8497"}],"wp:attachment":[{"href":"https:\/\/eldiariodesanpedro.com.ar\/sitio\/wp-json\/wp\/v2\/media?parent=8496"}],"wp:term":[{"taxonomy":"category","embeddable":true,"href":"https:\/\/eldiariodesanpedro.com.ar\/sitio\/wp-json\/wp\/v2\/categories?post=8496"},{"taxonomy":"post_tag","embeddable":true,"href":"https:\/\/eldiariodesanpedro.com.ar\/sitio\/wp-json\/wp\/v2\/tags?post=8496"}],"curies":[{"name":"wp","href":"https:\/\/api.w.org\/{rel}","templated":true}]}}