{"id":84952,"date":"2020-12-29T09:18:47","date_gmt":"2020-12-29T12:18:47","guid":{"rendered":"https:\/\/eldiariodesanpedro.com.ar\/sitio\/?p=84952"},"modified":"2020-12-29T09:18:51","modified_gmt":"2020-12-29T12:18:51","slug":"acto-de-ascensos-y-cierre-de-ano-de-bomberos-voluntarios","status":"publish","type":"post","link":"https:\/\/eldiariodesanpedro.com.ar\/sitio\/acto-de-ascensos-y-cierre-de-ano-de-bomberos-voluntarios\/","title":{"rendered":"Acto de Ascensos y cierre de a\u00f1o de Bomberos Voluntarios"},"content":{"rendered":"<!-- VideographyWP Plugin Message: Automatic video embedding prevented by plugin options. -->\n\n<p>Sobre el atardecer del lunes se llev\u00f3 a cabo el tradicional acto de ascensos y cierre de a\u00f1o del cuerpo de Bomberos Voluntarios de San Pedro.&nbsp;&nbsp;&nbsp;<\/p>\n\n\n\n<p>La reuni\u00f3n se desarroll\u00f3 al aire libre en el sector del camping de la entidad, donde se aplicaron todas las medidas sanitarias a modo de prevenci\u00f3n.<\/p>\n\n\n\n<p>El jefe del cuerpo activo, Comandante Mayor Silvio Torrens, y el presidente del Consejo Directivo, Mauro Rasio, fueron quienes estuvieron a cargo de los discursos, y una vez concluidos se continu\u00f3 con la ceremonia de ascensos y reconocimientos.&nbsp;&nbsp;<\/p>\n\n\n\n<p>Fueron promulgados al grado de Bomberos Voluntarios los siguientes aspirantes: Luana R\u00edos Mando; Nicol\u00e1s Ignacio Avallay; Maximiliano Torrens y Mat\u00edas Nicol\u00e1s Gonz\u00e1lez.&nbsp;<\/p>\n\n\n\n<p>Hubo reconocimientos a la antig\u00fcedad como Bomberos Voluntarios:&nbsp;<\/p>\n\n\n\n<p>5 a\u00f1os: Angel Mallo.<\/p>\n\n\n\n<p>10 a\u00f1os: Alejandro Garc\u00eda, Juan Garrote, Juliana Mu\u00f1oz, Jos\u00e9 Sbert, Vanesa \u00c1lvarez, \u00c1ngel Alsogaray, Alejo Ciriza.&nbsp;<\/p>\n\n\n\n<p>15 a\u00f1os: Roberto Dornell.<\/p>\n\n\n\n<p>20 a\u00f1os: Jorge Mart\u00ednez, Alejandro Milkovsky.<\/p>\n\n\n\n<p>30 a\u00f1os: Carlos Vallejos.<\/p>\n\n\n\n<p>40 a\u00f1os: Daniel Lavella.&nbsp;<\/p>\n\n\n\n<p>Se promovieron los ascensos de los siguientes Bomberos: H\u00e9ctor Kewdell al grado de Oficial de Escuadra; Gabriela Novella a Oficial de Escuadra; Rom\u00e1n Montenegro a Suboficial Ayudante Mayor; Marcos Varela al grado de Suboficial Ayudante Mayor; Vanesa Noguera a Suboficial Ayudante de Primera; Juan Manuel Garrote a Suboficial Ayudante de Primera; \u00c1ngel Alsogaray a Suboficial Ayudante de Primera; Roberto Dornell al grado de Suboficial Ayudante; Jonathan Giovanettoni a Suboficial Ayudante; Nicol\u00e1s Cava a Suboficial Ayudante; Luis Torrens a Suboficial Ayudante y Alejandro Astorga a Suboficial Ayudante.&nbsp;&nbsp;<\/p>\n\n\n\n<p>Sobre el cierre de la celebraci\u00f3n se produjo el habitual bautismo de los flamantes Bomberos y concluy\u00f3 con el tradicional brindis de fin de a\u00f1o.<\/p>\n\n\n\n<figure class=\"wp-block-image size-large\"><img decoding=\"async\" width=\"1024\" height=\"683\" data-attachment-id=\"84957\" data-permalink=\"https:\/\/eldiariodesanpedro.com.ar\/sitio\/acto-de-ascensos-y-cierre-de-ano-de-bomberos-voluntarios\/dsc_0086-3\/\" data-orig-file=\"https:\/\/eldiariodesanpedro.com.ar\/sitio\/wp-content\/uploads\/2020\/12\/DSC_0086-scaled.jpg\" data-orig-size=\"2560,1707\" data-comments-opened=\"1\" data-image-meta=\"{&quot;aperture&quot;:&quot;1.8&quot;,&quot;credit&quot;:&quot;&quot;,&quot;camera&quot;:&quot;NIKON D3400&quot;,&quot;caption&quot;:&quot;&quot;,&quot;created_timestamp&quot;:&quot;1609186977&quot;,&quot;copyright&quot;:&quot;&quot;,&quot;focal_length&quot;:&quot;50&quot;,&quot;iso&quot;:&quot;4000&quot;,&quot;shutter_speed&quot;:&quot;0.008&quot;,&quot;title&quot;:&quot;&quot;,&quot;orientation&quot;:&quot;1&quot;}\" data-image-title=\"DSC_0086\" data-image-description=\"\" data-image-caption=\"\" data-large-file=\"https:\/\/eldiariodesanpedro.com.ar\/sitio\/wp-content\/uploads\/2020\/12\/DSC_0086-1024x683.jpg\" data-src=\"https:\/\/eldiariodesanpedro.com.ar\/sitio\/wp-content\/uploads\/2020\/12\/DSC_0086-1024x683.jpg\" alt=\"\" class=\"wp-image-84957 lazyload\" data-srcset=\"https:\/\/eldiariodesanpedro.com.ar\/sitio\/wp-content\/uploads\/2020\/12\/DSC_0086-1024x683.jpg 1024w, https:\/\/eldiariodesanpedro.com.ar\/sitio\/wp-content\/uploads\/2020\/12\/DSC_0086-300x200.jpg 300w, https:\/\/eldiariodesanpedro.com.ar\/sitio\/wp-content\/uploads\/2020\/12\/DSC_0086-768x512.jpg 768w, https:\/\/eldiariodesanpedro.com.ar\/sitio\/wp-content\/uploads\/2020\/12\/DSC_0086-1536x1024.jpg 1536w, https:\/\/eldiariodesanpedro.com.ar\/sitio\/wp-content\/uploads\/2020\/12\/DSC_0086-2048x1365.jpg 2048w\" data-sizes=\"(max-width: 1024px) 100vw, 1024px\" src=\"data:image\/svg+xml;base64,PHN2ZyB3aWR0aD0iMSIgaGVpZ2h0PSIxIiB4bWxucz0iaHR0cDovL3d3dy53My5vcmcvMjAwMC9zdmciPjwvc3ZnPg==\" style=\"--smush-placeholder-width: 1024px; --smush-placeholder-aspect-ratio: 1024\/683;\" \/><\/figure>\n\n\n\n<figure class=\"wp-block-image size-large\"><img decoding=\"async\" width=\"1024\" height=\"683\" data-attachment-id=\"84956\" data-permalink=\"https:\/\/eldiariodesanpedro.com.ar\/sitio\/acto-de-ascensos-y-cierre-de-ano-de-bomberos-voluntarios\/dsc_0079-2\/\" data-orig-file=\"https:\/\/eldiariodesanpedro.com.ar\/sitio\/wp-content\/uploads\/2020\/12\/DSC_0079-scaled.jpg\" data-orig-size=\"2560,1707\" data-comments-opened=\"1\" data-image-meta=\"{&quot;aperture&quot;:&quot;1.8&quot;,&quot;credit&quot;:&quot;&quot;,&quot;camera&quot;:&quot;NIKON D3400&quot;,&quot;caption&quot;:&quot;&quot;,&quot;created_timestamp&quot;:&quot;1609186932&quot;,&quot;copyright&quot;:&quot;&quot;,&quot;focal_length&quot;:&quot;50&quot;,&quot;iso&quot;:&quot;2500&quot;,&quot;shutter_speed&quot;:&quot;0.008&quot;,&quot;title&quot;:&quot;&quot;,&quot;orientation&quot;:&quot;1&quot;}\" data-image-title=\"DSC_0079\" data-image-description=\"\" data-image-caption=\"\" data-large-file=\"https:\/\/eldiariodesanpedro.com.ar\/sitio\/wp-content\/uploads\/2020\/12\/DSC_0079-1024x683.jpg\" data-src=\"https:\/\/eldiariodesanpedro.com.ar\/sitio\/wp-content\/uploads\/2020\/12\/DSC_0079-1024x683.jpg\" alt=\"\" class=\"wp-image-84956 lazyload\" data-srcset=\"https:\/\/eldiariodesanpedro.com.ar\/sitio\/wp-content\/uploads\/2020\/12\/DSC_0079-1024x683.jpg 1024w, https:\/\/eldiariodesanpedro.com.ar\/sitio\/wp-content\/uploads\/2020\/12\/DSC_0079-300x200.jpg 300w, https:\/\/eldiariodesanpedro.com.ar\/sitio\/wp-content\/uploads\/2020\/12\/DSC_0079-768x512.jpg 768w, https:\/\/eldiariodesanpedro.com.ar\/sitio\/wp-content\/uploads\/2020\/12\/DSC_0079-1536x1024.jpg 1536w, https:\/\/eldiariodesanpedro.com.ar\/sitio\/wp-content\/uploads\/2020\/12\/DSC_0079-2048x1365.jpg 2048w\" data-sizes=\"(max-width: 1024px) 100vw, 1024px\" src=\"data:image\/svg+xml;base64,PHN2ZyB3aWR0aD0iMSIgaGVpZ2h0PSIxIiB4bWxucz0iaHR0cDovL3d3dy53My5vcmcvMjAwMC9zdmciPjwvc3ZnPg==\" style=\"--smush-placeholder-width: 1024px; --smush-placeholder-aspect-ratio: 1024\/683;\" \/><\/figure>\n\n\n\n<figure class=\"wp-block-image size-large\"><img decoding=\"async\" width=\"1024\" height=\"683\" data-attachment-id=\"84955\" data-permalink=\"https:\/\/eldiariodesanpedro.com.ar\/sitio\/acto-de-ascensos-y-cierre-de-ano-de-bomberos-voluntarios\/dsc_0078-3\/\" data-orig-file=\"https:\/\/eldiariodesanpedro.com.ar\/sitio\/wp-content\/uploads\/2020\/12\/DSC_0078-scaled.jpg\" data-orig-size=\"2560,1707\" data-comments-opened=\"1\" data-image-meta=\"{&quot;aperture&quot;:&quot;1.8&quot;,&quot;credit&quot;:&quot;&quot;,&quot;camera&quot;:&quot;NIKON D3400&quot;,&quot;caption&quot;:&quot;&quot;,&quot;created_timestamp&quot;:&quot;1609186925&quot;,&quot;copyright&quot;:&quot;&quot;,&quot;focal_length&quot;:&quot;50&quot;,&quot;iso&quot;:&quot;4000&quot;,&quot;shutter_speed&quot;:&quot;0.008&quot;,&quot;title&quot;:&quot;&quot;,&quot;orientation&quot;:&quot;1&quot;}\" data-image-title=\"DSC_0078\" data-image-description=\"\" data-image-caption=\"\" data-large-file=\"https:\/\/eldiariodesanpedro.com.ar\/sitio\/wp-content\/uploads\/2020\/12\/DSC_0078-1024x683.jpg\" data-src=\"https:\/\/eldiariodesanpedro.com.ar\/sitio\/wp-content\/uploads\/2020\/12\/DSC_0078-1024x683.jpg\" alt=\"\" class=\"wp-image-84955 lazyload\" data-srcset=\"https:\/\/eldiariodesanpedro.com.ar\/sitio\/wp-content\/uploads\/2020\/12\/DSC_0078-1024x683.jpg 1024w, https:\/\/eldiariodesanpedro.com.ar\/sitio\/wp-content\/uploads\/2020\/12\/DSC_0078-300x200.jpg 300w, https:\/\/eldiariodesanpedro.com.ar\/sitio\/wp-content\/uploads\/2020\/12\/DSC_0078-768x512.jpg 768w, https:\/\/eldiariodesanpedro.com.ar\/sitio\/wp-content\/uploads\/2020\/12\/DSC_0078-1536x1024.jpg 1536w, https:\/\/eldiariodesanpedro.com.ar\/sitio\/wp-content\/uploads\/2020\/12\/DSC_0078-2048x1365.jpg 2048w\" data-sizes=\"(max-width: 1024px) 100vw, 1024px\" src=\"data:image\/svg+xml;base64,PHN2ZyB3aWR0aD0iMSIgaGVpZ2h0PSIxIiB4bWxucz0iaHR0cDovL3d3dy53My5vcmcvMjAwMC9zdmciPjwvc3ZnPg==\" style=\"--smush-placeholder-width: 1024px; --smush-placeholder-aspect-ratio: 1024\/683;\" \/><\/figure>\n\n\n\n<figure class=\"wp-block-image size-large\"><img decoding=\"async\" width=\"1024\" height=\"683\" data-attachment-id=\"84954\" data-permalink=\"https:\/\/eldiariodesanpedro.com.ar\/sitio\/acto-de-ascensos-y-cierre-de-ano-de-bomberos-voluntarios\/dsc_0074-3\/\" data-orig-file=\"https:\/\/eldiariodesanpedro.com.ar\/sitio\/wp-content\/uploads\/2020\/12\/DSC_0074-scaled.jpg\" data-orig-size=\"2560,1707\" data-comments-opened=\"1\" data-image-meta=\"{&quot;aperture&quot;:&quot;1.8&quot;,&quot;credit&quot;:&quot;&quot;,&quot;camera&quot;:&quot;NIKON D3400&quot;,&quot;caption&quot;:&quot;&quot;,&quot;created_timestamp&quot;:&quot;1609186852&quot;,&quot;copyright&quot;:&quot;&quot;,&quot;focal_length&quot;:&quot;50&quot;,&quot;iso&quot;:&quot;5000&quot;,&quot;shutter_speed&quot;:&quot;0.008&quot;,&quot;title&quot;:&quot;&quot;,&quot;orientation&quot;:&quot;1&quot;}\" data-image-title=\"DSC_0074\" data-image-description=\"\" data-image-caption=\"\" data-large-file=\"https:\/\/eldiariodesanpedro.com.ar\/sitio\/wp-content\/uploads\/2020\/12\/DSC_0074-1024x683.jpg\" data-src=\"https:\/\/eldiariodesanpedro.com.ar\/sitio\/wp-content\/uploads\/2020\/12\/DSC_0074-1024x683.jpg\" alt=\"\" class=\"wp-image-84954 lazyload\" data-srcset=\"https:\/\/eldiariodesanpedro.com.ar\/sitio\/wp-content\/uploads\/2020\/12\/DSC_0074-1024x683.jpg 1024w, https:\/\/eldiariodesanpedro.com.ar\/sitio\/wp-content\/uploads\/2020\/12\/DSC_0074-300x200.jpg 300w, https:\/\/eldiariodesanpedro.com.ar\/sitio\/wp-content\/uploads\/2020\/12\/DSC_0074-768x512.jpg 768w, https:\/\/eldiariodesanpedro.com.ar\/sitio\/wp-content\/uploads\/2020\/12\/DSC_0074-1536x1024.jpg 1536w, https:\/\/eldiariodesanpedro.com.ar\/sitio\/wp-content\/uploads\/2020\/12\/DSC_0074-2048x1365.jpg 2048w\" data-sizes=\"(max-width: 1024px) 100vw, 1024px\" src=\"data:image\/svg+xml;base64,PHN2ZyB3aWR0aD0iMSIgaGVpZ2h0PSIxIiB4bWxucz0iaHR0cDovL3d3dy53My5vcmcvMjAwMC9zdmciPjwvc3ZnPg==\" style=\"--smush-placeholder-width: 1024px; --smush-placeholder-aspect-ratio: 1024\/683;\" \/><\/figure>\n","protected":false},"excerpt":{"rendered":"<p>Sobre el atardecer del lunes se llev\u00f3 a cabo el tradicional acto de ascensos y cierre de a\u00f1o del cuerpo de Bomberos Voluntarios de San Pedro.&nbsp;&nbsp;&nbsp; La reuni\u00f3n se desarroll\u00f3 al aire libre en el sector del camping de la entidad, donde se aplicaron todas las medidas sanitarias a modo de prevenci\u00f3n. El jefe del [&hellip;]<\/p>\n","protected":false},"author":4,"featured_media":84953,"comment_status":"open","ping_status":"closed","sticky":false,"template":"","format":"standard","meta":{"om_disable_all_campaigns":false,"_jetpack_memberships_contains_paid_content":false,"footnotes":""},"categories":[50,101,2],"tags":[],"class_list":["post-84952","post","type-post","status-publish","format-standard","has-post-thumbnail","hentry","category-destacadas","category-interes-general-locales","category-locales"],"aioseo_notices":[],"gutentor_comment":0,"jetpack_featured_media_url":"https:\/\/eldiariodesanpedro.com.ar\/sitio\/wp-content\/uploads\/2020\/12\/DSC_0215-scaled-e1609244117999.jpg","jetpack_shortlink":"https:\/\/wp.me\/p6RhLt-m6c","jetpack_sharing_enabled":true,"_links":{"self":[{"href":"https:\/\/eldiariodesanpedro.com.ar\/sitio\/wp-json\/wp\/v2\/posts\/84952","targetHints":{"allow":["GET"]}}],"collection":[{"href":"https:\/\/eldiariodesanpedro.com.ar\/sitio\/wp-json\/wp\/v2\/posts"}],"about":[{"href":"https:\/\/eldiariodesanpedro.com.ar\/sitio\/wp-json\/wp\/v2\/types\/post"}],"author":[{"embeddable":true,"href":"https:\/\/eldiariodesanpedro.com.ar\/sitio\/wp-json\/wp\/v2\/users\/4"}],"replies":[{"embeddable":true,"href":"https:\/\/eldiariodesanpedro.com.ar\/sitio\/wp-json\/wp\/v2\/comments?post=84952"}],"version-history":[{"count":1,"href":"https:\/\/eldiariodesanpedro.com.ar\/sitio\/wp-json\/wp\/v2\/posts\/84952\/revisions"}],"predecessor-version":[{"id":84958,"href":"https:\/\/eldiariodesanpedro.com.ar\/sitio\/wp-json\/wp\/v2\/posts\/84952\/revisions\/84958"}],"wp:featuredmedia":[{"embeddable":true,"href":"https:\/\/eldiariodesanpedro.com.ar\/sitio\/wp-json\/wp\/v2\/media\/84953"}],"wp:attachment":[{"href":"https:\/\/eldiariodesanpedro.com.ar\/sitio\/wp-json\/wp\/v2\/media?parent=84952"}],"wp:term":[{"taxonomy":"category","embeddable":true,"href":"https:\/\/eldiariodesanpedro.com.ar\/sitio\/wp-json\/wp\/v2\/categories?post=84952"},{"taxonomy":"post_tag","embeddable":true,"href":"https:\/\/eldiariodesanpedro.com.ar\/sitio\/wp-json\/wp\/v2\/tags?post=84952"}],"curies":[{"name":"wp","href":"https:\/\/api.w.org\/{rel}","templated":true}]}}