{"id":84949,"date":"2020-12-29T09:04:57","date_gmt":"2020-12-29T12:04:57","guid":{"rendered":"https:\/\/eldiariodesanpedro.com.ar\/sitio\/?p=84949"},"modified":"2020-12-29T09:04:59","modified_gmt":"2020-12-29T12:04:59","slug":"anses-informa-se-oficializo-la-suspension-del-tramite-de-fe-de-vida-hasta-el-31-de-marzo-de-2021","status":"publish","type":"post","link":"https:\/\/eldiariodesanpedro.com.ar\/sitio\/anses-informa-se-oficializo-la-suspension-del-tramite-de-fe-de-vida-hasta-el-31-de-marzo-de-2021\/","title":{"rendered":"Anses informa: Se oficializ\u00f3 la suspensi\u00f3n del tr\u00e1mite de fe de vida hasta el 31 de marzo de 2021"},"content":{"rendered":"<!-- VideographyWP Plugin Message: Automatic video embedding prevented by plugin options. -->\n\n<p>A trav\u00e9s de la&nbsp;<strong>Resoluci\u00f3n 442\/2020<\/strong>&nbsp;publicada en el Bolet\u00edn Oficial, la ANSES determin\u00f3 que resulta necesario prorrogar la suspensi\u00f3n del tr\u00e1mite de actualizaci\u00f3n de fe de vida por parte de los jubilados y jubiladas y pensionados y pensionadas del Sistema Integrado Previsional Argentino (SIPA) y Pensiones No Contributivas, por los meses de enero, febrero y marzo de 2021.<\/p>\n\n\n\n<p>La medida fue decidida por la directora ejecutiva del organismo,<strong>&nbsp;Fernanda Raverta<\/strong>, con el fin de garantizarles el cobro de las prestaciones, evitando el traslado de los adultos mayores para realizar el tr\u00e1mite, en el marco de la pandemia por el Covid-19.<\/p>\n","protected":false},"excerpt":{"rendered":"<p>A trav\u00e9s de la&nbsp;Resoluci\u00f3n 442\/2020&nbsp;publicada en el Bolet\u00edn Oficial, la ANSES determin\u00f3 que resulta necesario prorrogar la suspensi\u00f3n del tr\u00e1mite de actualizaci\u00f3n de fe de vida por parte de los jubilados y jubiladas y pensionados y pensionadas del Sistema Integrado Previsional Argentino (SIPA) y Pensiones No Contributivas, por los meses de enero, febrero y marzo [&hellip;]<\/p>\n","protected":false},"author":4,"featured_media":84950,"comment_status":"open","ping_status":"closed","sticky":false,"template":"","format":"standard","meta":{"om_disable_all_campaigns":false,"_jetpack_memberships_contains_paid_content":false,"footnotes":""},"categories":[101,2],"tags":[],"class_list":["post-84949","post","type-post","status-publish","format-standard","has-post-thumbnail","hentry","category-interes-general-locales","category-locales"],"aioseo_notices":[],"gutentor_comment":0,"jetpack_featured_media_url":"https:\/\/eldiariodesanpedro.com.ar\/sitio\/wp-content\/uploads\/2020\/12\/26994365_1894382940580136_6182694404278224558_n.jpg","jetpack_shortlink":"https:\/\/wp.me\/p6RhLt-m69","jetpack_sharing_enabled":true,"_links":{"self":[{"href":"https:\/\/eldiariodesanpedro.com.ar\/sitio\/wp-json\/wp\/v2\/posts\/84949","targetHints":{"allow":["GET"]}}],"collection":[{"href":"https:\/\/eldiariodesanpedro.com.ar\/sitio\/wp-json\/wp\/v2\/posts"}],"about":[{"href":"https:\/\/eldiariodesanpedro.com.ar\/sitio\/wp-json\/wp\/v2\/types\/post"}],"author":[{"embeddable":true,"href":"https:\/\/eldiariodesanpedro.com.ar\/sitio\/wp-json\/wp\/v2\/users\/4"}],"replies":[{"embeddable":true,"href":"https:\/\/eldiariodesanpedro.com.ar\/sitio\/wp-json\/wp\/v2\/comments?post=84949"}],"version-history":[{"count":1,"href":"https:\/\/eldiariodesanpedro.com.ar\/sitio\/wp-json\/wp\/v2\/posts\/84949\/revisions"}],"predecessor-version":[{"id":84951,"href":"https:\/\/eldiariodesanpedro.com.ar\/sitio\/wp-json\/wp\/v2\/posts\/84949\/revisions\/84951"}],"wp:featuredmedia":[{"embeddable":true,"href":"https:\/\/eldiariodesanpedro.com.ar\/sitio\/wp-json\/wp\/v2\/media\/84950"}],"wp:attachment":[{"href":"https:\/\/eldiariodesanpedro.com.ar\/sitio\/wp-json\/wp\/v2\/media?parent=84949"}],"wp:term":[{"taxonomy":"category","embeddable":true,"href":"https:\/\/eldiariodesanpedro.com.ar\/sitio\/wp-json\/wp\/v2\/categories?post=84949"},{"taxonomy":"post_tag","embeddable":true,"href":"https:\/\/eldiariodesanpedro.com.ar\/sitio\/wp-json\/wp\/v2\/tags?post=84949"}],"curies":[{"name":"wp","href":"https:\/\/api.w.org\/{rel}","templated":true}]}}