{"id":84946,"date":"2020-12-28T18:47:03","date_gmt":"2020-12-28T21:47:03","guid":{"rendered":"https:\/\/eldiariodesanpedro.com.ar\/sitio\/?p=84946"},"modified":"2020-12-28T18:47:07","modified_gmt":"2020-12-28T21:47:07","slug":"aprobado-el-aumento-del-35-de-las-tasas-y-el-presupuesto-2021","status":"publish","type":"post","link":"https:\/\/eldiariodesanpedro.com.ar\/sitio\/aprobado-el-aumento-del-35-de-las-tasas-y-el-presupuesto-2021\/","title":{"rendered":"Aprobado el aumento del 35% de las tasas y el presupuesto 2021"},"content":{"rendered":"<!-- VideographyWP Plugin Message: Automatic video embedding prevented by plugin options. -->\n\n<p>Pasado el mediod\u00eda de este lunes 28 de Diciembre se realizo la sesi\u00f3n del HCD donde estuvieron presentes vecinos pertenecientes a los mayores contribuyentes para la votaci\u00f3n sobre el aumento de las tasas municipales y luego una sesi\u00f3n extraordinaria donde se aprob\u00f3 el presupuesto 2021. <\/p>\n\n\n\n<p>Alrededor de las 13: 30 hs se dio comienzo con la sesi\u00f3n en el Sal\u00f3n Dorado de la municipalidad con la presencia de 12 vecinos de los 20 que deber\u00edan estar como mayores contribuyentes adem\u00e1s de los 18 concejales.<\/p>\n\n\n\n<p>El sufragio termino 24 a 6 en favor de la afirmativa del aumento,  en los que votaron los 12 vecinos y los 12 concejales oficialistas a favor , y los 6 votos restantes la negativa de la oposici\u00f3n. <\/p>\n\n\n\n<p>Los 12 comerciantes de la ciudad presentes fueron: H\u00e9ctor Alberto D\u00edaz, Javier Fabi\u00e1n Mosqueda, Mauro De Rosa, Ana Mar\u00eda Garibaldi, Eduardo Birador, Teresa C\u00e1ceres, Franco Colom, Alberto Comment, Ernesto Daniel Gordillo, Romina Aldana Rosello, Domingo Mallol y Mar\u00eda Florencia Ansaloni.<\/p>\n\n\n\n<p>De esta manera se permitio al ejecutivo el aumento del 35% en las tasas de ABL, Servicios Sanitarios, Red Vial, Seguridad e Higiene en sus diversas modalidades, servicios especiales de limpieza e higiene, habilitaci\u00f3n de comercios, controles y se\u00f1ales, publicidad y propaganda, derechos de oficina, servicios varios, Cementerio, uso y ocupaci\u00f3n de espacios p\u00fablicos, habilitaci\u00f3n de antenas y estructuras de soporte, patentes automotores municipales, entre todos los dem\u00e1s impuestos municipales.<\/p>\n\n\n\n<p>Luego se realizo una sesi\u00f3n extraordinaria donde se aprob\u00f3 nuevamente por el bloque de juntos por el cambio con un total de 12 a 6 votos con lo que se aprob\u00f3 el presupuesto 2021 con un valor total de \u00a0fijado en $ 2.267.155.092,30. siendo un 30% superior al del a\u00f1o 2020.<\/p>\n\n\n\n<p>Foto: Gentileza Visi\u00f3n Regional<\/p>\n","protected":false},"excerpt":{"rendered":"<p>Pasado el mediod\u00eda de este lunes 28 de Diciembre se realizo la sesi\u00f3n del HCD donde estuvieron presentes vecinos pertenecientes a los mayores contribuyentes para la votaci\u00f3n sobre el aumento de las tasas municipales y luego una sesi\u00f3n extraordinaria donde se aprob\u00f3 el presupuesto 2021. Alrededor de las 13: 30 hs se dio comienzo con [&hellip;]<\/p>\n","protected":false},"author":4,"featured_media":84947,"comment_status":"open","ping_status":"closed","sticky":false,"template":"","format":"standard","meta":{"om_disable_all_campaigns":false,"_jetpack_memberships_contains_paid_content":false,"footnotes":""},"categories":[50,101,2],"tags":[2027,197,696,33],"class_list":["post-84946","post","type-post","status-publish","format-standard","has-post-thumbnail","hentry","category-destacadas","category-interes-general-locales","category-locales","tag-aprobado-el-aumento-del-35-de-las-tasas-y-el-presupuesto-2021","tag-buenos-aires","tag-interes-general","tag-locales"],"aioseo_notices":[],"gutentor_comment":0,"jetpack_featured_media_url":"https:\/\/eldiariodesanpedro.com.ar\/sitio\/wp-content\/uploads\/2020\/12\/asamblea_mayores_contribuyentes_2020.png","jetpack_shortlink":"https:\/\/wp.me\/p6RhLt-m66","jetpack_sharing_enabled":true,"_links":{"self":[{"href":"https:\/\/eldiariodesanpedro.com.ar\/sitio\/wp-json\/wp\/v2\/posts\/84946","targetHints":{"allow":["GET"]}}],"collection":[{"href":"https:\/\/eldiariodesanpedro.com.ar\/sitio\/wp-json\/wp\/v2\/posts"}],"about":[{"href":"https:\/\/eldiariodesanpedro.com.ar\/sitio\/wp-json\/wp\/v2\/types\/post"}],"author":[{"embeddable":true,"href":"https:\/\/eldiariodesanpedro.com.ar\/sitio\/wp-json\/wp\/v2\/users\/4"}],"replies":[{"embeddable":true,"href":"https:\/\/eldiariodesanpedro.com.ar\/sitio\/wp-json\/wp\/v2\/comments?post=84946"}],"version-history":[{"count":1,"href":"https:\/\/eldiariodesanpedro.com.ar\/sitio\/wp-json\/wp\/v2\/posts\/84946\/revisions"}],"predecessor-version":[{"id":84948,"href":"https:\/\/eldiariodesanpedro.com.ar\/sitio\/wp-json\/wp\/v2\/posts\/84946\/revisions\/84948"}],"wp:featuredmedia":[{"embeddable":true,"href":"https:\/\/eldiariodesanpedro.com.ar\/sitio\/wp-json\/wp\/v2\/media\/84947"}],"wp:attachment":[{"href":"https:\/\/eldiariodesanpedro.com.ar\/sitio\/wp-json\/wp\/v2\/media?parent=84946"}],"wp:term":[{"taxonomy":"category","embeddable":true,"href":"https:\/\/eldiariodesanpedro.com.ar\/sitio\/wp-json\/wp\/v2\/categories?post=84946"},{"taxonomy":"post_tag","embeddable":true,"href":"https:\/\/eldiariodesanpedro.com.ar\/sitio\/wp-json\/wp\/v2\/tags?post=84946"}],"curies":[{"name":"wp","href":"https:\/\/api.w.org\/{rel}","templated":true}]}}