{"id":84940,"date":"2020-12-28T18:23:34","date_gmt":"2020-12-28T21:23:34","guid":{"rendered":"https:\/\/eldiariodesanpedro.com.ar\/sitio\/?p=84940"},"modified":"2020-12-28T18:23:38","modified_gmt":"2020-12-28T21:23:38","slug":"reunion-con-autoridades-de-la-clinica-san-pedro-para-analizar-la-situacion-del-covid","status":"publish","type":"post","link":"https:\/\/eldiariodesanpedro.com.ar\/sitio\/reunion-con-autoridades-de-la-clinica-san-pedro-para-analizar-la-situacion-del-covid\/","title":{"rendered":"Reuni\u00f3n con autoridades de la Cl\u00ednica San Pedro para analizar la situaci\u00f3n del covid"},"content":{"rendered":"<!-- VideographyWP Plugin Message: Automatic video embedding prevented by plugin options. -->\n\n<p>El Intendente Municipal Cecilio Salazar, el Secretario de Salud Dr. Guillermo Sancho y el Director del Hospital Dr. Javier Sualdea, recibieron esta ma\u00f1ana a autoridades de la Cl\u00ednica Privada San Pedro, para conocer la complicada situaci\u00f3n que transita, uno de los prestadores privados con los que cuenta nuestra ciudad.<\/p>\n\n\n\n<p>Los Dres. Juan Jos\u00e9 Nasif y Carlos Colella, en representaci\u00f3n de la Cl\u00ednica, presentaron ante las autoridades la situaci\u00f3n actual con serias dificultades econ\u00f3micas para los pr\u00f3ximos meses, como consecuencia de una conjunci\u00f3n de factores que vienen afectando a todos los prestadores de salud.<\/p>\n\n\n\n<p>Esta reuni\u00f3n y otras ya programadas a trav\u00e9s de una mesa de trabajo conjunta, apuntan a realizar un seguimiento cercano de la evoluci\u00f3n de esta crisis, para acompa\u00f1ar con todas las gestiones oficiales que sean posibles, la continuidad del funcionamiento de la cl\u00ednica que cumple un papel fundamental en la atenci\u00f3n de un sector importante de los vecinos.<\/p>\n","protected":false},"excerpt":{"rendered":"<p>El Intendente Municipal Cecilio Salazar, el Secretario de Salud Dr. Guillermo Sancho y el Director del Hospital Dr. Javier Sualdea, recibieron esta ma\u00f1ana a autoridades de la Cl\u00ednica Privada San Pedro, para conocer la complicada situaci\u00f3n que transita, uno de los prestadores privados con los que cuenta nuestra ciudad. Los Dres. Juan Jos\u00e9 Nasif y [&hellip;]<\/p>\n","protected":false},"author":4,"featured_media":84944,"comment_status":"open","ping_status":"closed","sticky":false,"template":"","format":"standard","meta":{"om_disable_all_campaigns":false,"_jetpack_memberships_contains_paid_content":false,"footnotes":""},"categories":[50,101,2],"tags":[696,33],"class_list":["post-84940","post","type-post","status-publish","format-standard","has-post-thumbnail","hentry","category-destacadas","category-interes-general-locales","category-locales","tag-interes-general","tag-locales"],"aioseo_notices":[],"gutentor_comment":0,"jetpack_featured_media_url":"https:\/\/eldiariodesanpedro.com.ar\/sitio\/wp-content\/uploads\/2020\/12\/IMG-20201228-WA0020.jpg","jetpack_shortlink":"https:\/\/wp.me\/p6RhLt-m60","jetpack_sharing_enabled":true,"_links":{"self":[{"href":"https:\/\/eldiariodesanpedro.com.ar\/sitio\/wp-json\/wp\/v2\/posts\/84940","targetHints":{"allow":["GET"]}}],"collection":[{"href":"https:\/\/eldiariodesanpedro.com.ar\/sitio\/wp-json\/wp\/v2\/posts"}],"about":[{"href":"https:\/\/eldiariodesanpedro.com.ar\/sitio\/wp-json\/wp\/v2\/types\/post"}],"author":[{"embeddable":true,"href":"https:\/\/eldiariodesanpedro.com.ar\/sitio\/wp-json\/wp\/v2\/users\/4"}],"replies":[{"embeddable":true,"href":"https:\/\/eldiariodesanpedro.com.ar\/sitio\/wp-json\/wp\/v2\/comments?post=84940"}],"version-history":[{"count":1,"href":"https:\/\/eldiariodesanpedro.com.ar\/sitio\/wp-json\/wp\/v2\/posts\/84940\/revisions"}],"predecessor-version":[{"id":84945,"href":"https:\/\/eldiariodesanpedro.com.ar\/sitio\/wp-json\/wp\/v2\/posts\/84940\/revisions\/84945"}],"wp:featuredmedia":[{"embeddable":true,"href":"https:\/\/eldiariodesanpedro.com.ar\/sitio\/wp-json\/wp\/v2\/media\/84944"}],"wp:attachment":[{"href":"https:\/\/eldiariodesanpedro.com.ar\/sitio\/wp-json\/wp\/v2\/media?parent=84940"}],"wp:term":[{"taxonomy":"category","embeddable":true,"href":"https:\/\/eldiariodesanpedro.com.ar\/sitio\/wp-json\/wp\/v2\/categories?post=84940"},{"taxonomy":"post_tag","embeddable":true,"href":"https:\/\/eldiariodesanpedro.com.ar\/sitio\/wp-json\/wp\/v2\/tags?post=84940"}],"curies":[{"name":"wp","href":"https:\/\/api.w.org\/{rel}","templated":true}]}}