{"id":84933,"date":"2020-12-28T11:49:59","date_gmt":"2020-12-28T14:49:59","guid":{"rendered":"https:\/\/eldiariodesanpedro.com.ar\/sitio\/?p=84933"},"modified":"2020-12-28T11:50:03","modified_gmt":"2020-12-28T14:50:03","slug":"el-personal-de-salud-tambien-debera-registrarse-para-ser-vacunado","status":"publish","type":"post","link":"https:\/\/eldiariodesanpedro.com.ar\/sitio\/el-personal-de-salud-tambien-debera-registrarse-para-ser-vacunado\/","title":{"rendered":"El personal de salud tambi\u00e9n deber\u00e1 registrarse para ser vacunado"},"content":{"rendered":"<!-- VideographyWP Plugin Message: Automatic video embedding prevented by plugin options. -->\n\n<p>La Municipalidad de San Pedro informa que el operativo de vacunaci\u00f3n contra el Covid-19 comenzar\u00e1 con el personal relacionado con la atenci\u00f3n de la salud, tanto en el \u00e1mbito p\u00fablico como privado.<\/p>\n\n\n\n<p>M\u00e1s all\u00e1 del relevamiento efectuado desde la Secretar\u00eda de Salud, es imprescindible que todos los interesados en recibir la dosis hayan cargado sus datos en el sitio web oficial habilitado para tal fin.<\/p>\n\n\n\n<p>Por tal motivo se solicita que a la brevedad posible, m\u00e9dicos, enfermeros, auxiliares, administrativos, choferes, seguridad y otros que brinden servicios en este \u00e1mbito, ingresen a <em><a href=\"http:\/\/www.vacunatePBA.gba.gob.ar\">www.vacunatePBA.gba.gob.ar<\/a><\/em><\/p>\n\n\n\n<p>A partir de la implementaci\u00f3n del operativo local de vacunaci\u00f3n ser\u00e1n contactados desde la Secretar\u00eda de Salud para coordinar los detalles.<\/p>\n\n\n\n<p><em>En el mismo sitio habilitado para registrarse se publica toda la informaci\u00f3n necesaria relacionada con esta campa\u00f1a<a href=\"http:\/\/www.vacunatePBA.gba.gob.ar\"> www.vacunatePBA.gba.gob.ar<\/a>.<\/em><\/p>\n","protected":false},"excerpt":{"rendered":"<p>La Municipalidad de San Pedro informa que el operativo de vacunaci\u00f3n contra el Covid-19 comenzar\u00e1 con el personal relacionado con la atenci\u00f3n de la salud, tanto en el \u00e1mbito p\u00fablico como privado. M\u00e1s all\u00e1 del relevamiento efectuado desde la Secretar\u00eda de Salud, es imprescindible que todos los interesados en recibir la dosis hayan cargado sus [&hellip;]<\/p>\n","protected":false},"author":4,"featured_media":84934,"comment_status":"open","ping_status":"closed","sticky":false,"template":"","format":"standard","meta":{"om_disable_all_campaigns":false,"_jetpack_memberships_contains_paid_content":false,"footnotes":""},"categories":[50,101,2],"tags":[1170,2026,19],"class_list":["post-84933","post","type-post","status-publish","format-standard","has-post-thumbnail","hentry","category-destacadas","category-interes-general-locales","category-locales","tag-buenosaires","tag-el-personal-de-salud-tambien-debera-registrarse-para-ser-vacunado","tag-san-pedro"],"aioseo_notices":[],"gutentor_comment":0,"jetpack_featured_media_url":"https:\/\/eldiariodesanpedro.com.ar\/sitio\/wp-content\/uploads\/2020\/12\/IMG-20201228-WA0013.jpg","jetpack_shortlink":"https:\/\/wp.me\/p6RhLt-m5T","jetpack_sharing_enabled":true,"_links":{"self":[{"href":"https:\/\/eldiariodesanpedro.com.ar\/sitio\/wp-json\/wp\/v2\/posts\/84933","targetHints":{"allow":["GET"]}}],"collection":[{"href":"https:\/\/eldiariodesanpedro.com.ar\/sitio\/wp-json\/wp\/v2\/posts"}],"about":[{"href":"https:\/\/eldiariodesanpedro.com.ar\/sitio\/wp-json\/wp\/v2\/types\/post"}],"author":[{"embeddable":true,"href":"https:\/\/eldiariodesanpedro.com.ar\/sitio\/wp-json\/wp\/v2\/users\/4"}],"replies":[{"embeddable":true,"href":"https:\/\/eldiariodesanpedro.com.ar\/sitio\/wp-json\/wp\/v2\/comments?post=84933"}],"version-history":[{"count":1,"href":"https:\/\/eldiariodesanpedro.com.ar\/sitio\/wp-json\/wp\/v2\/posts\/84933\/revisions"}],"predecessor-version":[{"id":84935,"href":"https:\/\/eldiariodesanpedro.com.ar\/sitio\/wp-json\/wp\/v2\/posts\/84933\/revisions\/84935"}],"wp:featuredmedia":[{"embeddable":true,"href":"https:\/\/eldiariodesanpedro.com.ar\/sitio\/wp-json\/wp\/v2\/media\/84934"}],"wp:attachment":[{"href":"https:\/\/eldiariodesanpedro.com.ar\/sitio\/wp-json\/wp\/v2\/media?parent=84933"}],"wp:term":[{"taxonomy":"category","embeddable":true,"href":"https:\/\/eldiariodesanpedro.com.ar\/sitio\/wp-json\/wp\/v2\/categories?post=84933"},{"taxonomy":"post_tag","embeddable":true,"href":"https:\/\/eldiariodesanpedro.com.ar\/sitio\/wp-json\/wp\/v2\/tags?post=84933"}],"curies":[{"name":"wp","href":"https:\/\/api.w.org\/{rel}","templated":true}]}}