{"id":8493,"date":"2016-09-30T19:39:14","date_gmt":"2016-09-30T22:39:14","guid":{"rendered":"https:\/\/eldiariodesanpedro.com.ar\/sitio\/?p=8493"},"modified":"2016-09-30T19:39:14","modified_gmt":"2016-09-30T22:39:14","slug":"atencion-odontologica-sin-cargo-para-ninos-beneficiarios-de-ioma","status":"publish","type":"post","link":"https:\/\/eldiariodesanpedro.com.ar\/sitio\/atencion-odontologica-sin-cargo-para-ninos-beneficiarios-de-ioma\/","title":{"rendered":"Atenci\u00f3n odontol\u00f3gica sin cargo para ni\u00f1os beneficiarios de IOMA"},"content":{"rendered":"<p><!-- VideographyWP Plugin Message: Automatic video embedding prevented by plugin options. --><br \/>\nIOMA pone en marcha la Campa\u00f1a del Primer Molar Definitivo, destinada a beneficiarios de entre 5 y 8 a\u00f1os inclusive, quienes podr\u00e1n, durante ese per\u00edodo, asistir al odont\u00f3logo en forma totalmente gratuita para el sellado de fosas y fisuras del primer molar, la confecci\u00f3n de la ficha odontol\u00f3gica, la evaluaci\u00f3n y resoluci\u00f3n de cualquier problema que pueda tener el ni\u00f1o y la consulta preventiva sobre consumo de carbohidratos e higiene.<br \/>\nEl primer molar definitivo es la primera muela que nace en los chicos incluidos en la franja etaria mencionada. Esta pieza dentaria suele confundirse con un diente de leche o muelita y tiene peque\u00f1as fisuras, que si no se tratan a tiempo pueden afectar la base de la futura dentici\u00f3n.<br \/>\nEl 3 de octubre se festeja el D\u00eda de la Odontolog\u00eda Latinoamericana y, desde hace 6 a\u00f1os, IOMA junto a FOPBA y SOLP han decidido transformar esta celebraci\u00f3n en acciones preventivas, como esta campa\u00f1a que se desarrolla en los consultorios odontol\u00f3gicos de la Provincia.<\/p>\n","protected":false},"excerpt":{"rendered":"<p>IOMA pone en marcha la Campa\u00f1a del Primer Molar Definitivo, destinada a beneficiarios de entre 5 y 8 a\u00f1os inclusive, quienes podr\u00e1n, durante ese per\u00edodo, asistir al odont\u00f3logo en forma totalmente gratuita para el sellado de fosas y fisuras del primer molar, la confecci\u00f3n de la ficha odontol\u00f3gica, la evaluaci\u00f3n y resoluci\u00f3n de cualquier problema [&hellip;]<\/p>\n","protected":false},"author":4,"featured_media":8494,"comment_status":"open","ping_status":"closed","sticky":false,"template":"","format":"standard","meta":{"om_disable_all_campaigns":false,"_jetpack_memberships_contains_paid_content":false,"footnotes":""},"categories":[101,2],"tags":[],"class_list":["post-8493","post","type-post","status-publish","format-standard","has-post-thumbnail","hentry","category-interes-general-locales","category-locales"],"aioseo_notices":[],"gutentor_comment":0,"jetpack_featured_media_url":"https:\/\/eldiariodesanpedro.com.ar\/sitio\/wp-content\/uploads\/2016\/09\/Nia-silla-dental-1.jpg","jetpack_shortlink":"https:\/\/wp.me\/p6RhLt-2cZ","jetpack_sharing_enabled":true,"_links":{"self":[{"href":"https:\/\/eldiariodesanpedro.com.ar\/sitio\/wp-json\/wp\/v2\/posts\/8493","targetHints":{"allow":["GET"]}}],"collection":[{"href":"https:\/\/eldiariodesanpedro.com.ar\/sitio\/wp-json\/wp\/v2\/posts"}],"about":[{"href":"https:\/\/eldiariodesanpedro.com.ar\/sitio\/wp-json\/wp\/v2\/types\/post"}],"author":[{"embeddable":true,"href":"https:\/\/eldiariodesanpedro.com.ar\/sitio\/wp-json\/wp\/v2\/users\/4"}],"replies":[{"embeddable":true,"href":"https:\/\/eldiariodesanpedro.com.ar\/sitio\/wp-json\/wp\/v2\/comments?post=8493"}],"version-history":[{"count":1,"href":"https:\/\/eldiariodesanpedro.com.ar\/sitio\/wp-json\/wp\/v2\/posts\/8493\/revisions"}],"predecessor-version":[{"id":8495,"href":"https:\/\/eldiariodesanpedro.com.ar\/sitio\/wp-json\/wp\/v2\/posts\/8493\/revisions\/8495"}],"wp:featuredmedia":[{"embeddable":true,"href":"https:\/\/eldiariodesanpedro.com.ar\/sitio\/wp-json\/wp\/v2\/media\/8494"}],"wp:attachment":[{"href":"https:\/\/eldiariodesanpedro.com.ar\/sitio\/wp-json\/wp\/v2\/media?parent=8493"}],"wp:term":[{"taxonomy":"category","embeddable":true,"href":"https:\/\/eldiariodesanpedro.com.ar\/sitio\/wp-json\/wp\/v2\/categories?post=8493"},{"taxonomy":"post_tag","embeddable":true,"href":"https:\/\/eldiariodesanpedro.com.ar\/sitio\/wp-json\/wp\/v2\/tags?post=8493"}],"curies":[{"name":"wp","href":"https:\/\/api.w.org\/{rel}","templated":true}]}}