{"id":84894,"date":"2020-12-25T09:36:33","date_gmt":"2020-12-25T12:36:33","guid":{"rendered":"https:\/\/eldiariodesanpedro.com.ar\/sitio\/?p=84894"},"modified":"2020-12-25T09:36:36","modified_gmt":"2020-12-25T12:36:36","slug":"dos-aprehendidos-por-tenencia-de-estupefacientes-4","status":"publish","type":"post","link":"https:\/\/eldiariodesanpedro.com.ar\/sitio\/dos-aprehendidos-por-tenencia-de-estupefacientes-4\/","title":{"rendered":"Dos aprehendidos por tenencia de estupefacientes"},"content":{"rendered":"<!-- VideographyWP Plugin Message: Automatic video embedding prevented by plugin options. -->\n\n<p>En horas de la madrugada de este viernes se realizaron dos procedimientos donde fueron aprehendidas personas que entre sus prendas llevaban estupefacientes.&nbsp;&nbsp;<\/p>\n\n\n\n<p>Uno&nbsp; de ellos en Thorne y 9 de julio, desde donde se traslada masculino de 27 a\u00f1os de edad, y el otro en Segundo Sombra y 9 de julio, un masculino de 29 a\u00f1os, quienes en su poder se le secuestr\u00f3 sustancia marihuana \u00ednfimo pesaje. Ambos tras ser informados de la imputaci\u00f3n fueron puestos en libertad.<\/p>\n","protected":false},"excerpt":{"rendered":"<p>En horas de la madrugada de este viernes se realizaron dos procedimientos donde fueron aprehendidas personas que entre sus prendas llevaban estupefacientes.&nbsp;&nbsp; Uno&nbsp; de ellos en Thorne y 9 de julio, desde donde se traslada masculino de 27 a\u00f1os de edad, y el otro en Segundo Sombra y 9 de julio, un masculino de 29 [&hellip;]<\/p>\n","protected":false},"author":4,"featured_media":76955,"comment_status":"open","ping_status":"closed","sticky":false,"template":"","format":"standard","meta":{"om_disable_all_campaigns":false,"_jetpack_memberships_contains_paid_content":false,"footnotes":""},"categories":[2,103],"tags":[],"class_list":["post-84894","post","type-post","status-publish","format-standard","has-post-thumbnail","hentry","category-locales","category-policiales-locales"],"aioseo_notices":[],"gutentor_comment":0,"jetpack_featured_media_url":"https:\/\/eldiariodesanpedro.com.ar\/sitio\/wp-content\/uploads\/2020\/06\/detenido-esposado.jpg","jetpack_shortlink":"https:\/\/wp.me\/p6RhLt-m5g","jetpack_sharing_enabled":true,"_links":{"self":[{"href":"https:\/\/eldiariodesanpedro.com.ar\/sitio\/wp-json\/wp\/v2\/posts\/84894","targetHints":{"allow":["GET"]}}],"collection":[{"href":"https:\/\/eldiariodesanpedro.com.ar\/sitio\/wp-json\/wp\/v2\/posts"}],"about":[{"href":"https:\/\/eldiariodesanpedro.com.ar\/sitio\/wp-json\/wp\/v2\/types\/post"}],"author":[{"embeddable":true,"href":"https:\/\/eldiariodesanpedro.com.ar\/sitio\/wp-json\/wp\/v2\/users\/4"}],"replies":[{"embeddable":true,"href":"https:\/\/eldiariodesanpedro.com.ar\/sitio\/wp-json\/wp\/v2\/comments?post=84894"}],"version-history":[{"count":1,"href":"https:\/\/eldiariodesanpedro.com.ar\/sitio\/wp-json\/wp\/v2\/posts\/84894\/revisions"}],"predecessor-version":[{"id":84895,"href":"https:\/\/eldiariodesanpedro.com.ar\/sitio\/wp-json\/wp\/v2\/posts\/84894\/revisions\/84895"}],"wp:featuredmedia":[{"embeddable":true,"href":"https:\/\/eldiariodesanpedro.com.ar\/sitio\/wp-json\/wp\/v2\/media\/76955"}],"wp:attachment":[{"href":"https:\/\/eldiariodesanpedro.com.ar\/sitio\/wp-json\/wp\/v2\/media?parent=84894"}],"wp:term":[{"taxonomy":"category","embeddable":true,"href":"https:\/\/eldiariodesanpedro.com.ar\/sitio\/wp-json\/wp\/v2\/categories?post=84894"},{"taxonomy":"post_tag","embeddable":true,"href":"https:\/\/eldiariodesanpedro.com.ar\/sitio\/wp-json\/wp\/v2\/tags?post=84894"}],"curies":[{"name":"wp","href":"https:\/\/api.w.org\/{rel}","templated":true}]}}