{"id":84892,"date":"2020-12-25T09:32:12","date_gmt":"2020-12-25T12:32:12","guid":{"rendered":"https:\/\/eldiariodesanpedro.com.ar\/sitio\/?p=84892"},"modified":"2020-12-25T09:32:16","modified_gmt":"2020-12-25T12:32:16","slug":"varios-aprehendidos-en-estado-de-ebriedad-ocasionando-disturbios-en-la-madrugada-de-navidad","status":"publish","type":"post","link":"https:\/\/eldiariodesanpedro.com.ar\/sitio\/varios-aprehendidos-en-estado-de-ebriedad-ocasionando-disturbios-en-la-madrugada-de-navidad\/","title":{"rendered":"Varios aprehendidos en estado de ebriedad ocasionando disturbios en la madrugada de navidad"},"content":{"rendered":"<!-- VideographyWP Plugin Message: Automatic video embedding prevented by plugin options. -->\n\n<p>Durante la madruga de este viernes la polic\u00eda de nuestra ciudad realiz\u00f3 varias aprehensiones de personas que se encontraban provocando disturbios en la v\u00eda p\u00fablica y en estado de ebriedad.<\/p>\n\n\n\n<p>El primero de&nbsp; ellos fue reducido en calle&nbsp; Sarmiento y Av. Espa\u00f1a donde se procede a la aprehensi\u00f3n de masculino de 30 a\u00f1os de edad.&nbsp;&nbsp;<\/p>\n\n\n\n<p>Otro procedimiento similar se realiz\u00f3 en calle Ituzaing\u00f3 al 2300, donde un masculino de 34 a\u00f1os..<\/p>\n\n\n\n<p>Por \u00faltimo en calle Cucit al 1400, procede aprehensi\u00f3n masculino 37 a\u00f1os.<\/p>\n\n\n\n<p>Todos ellos fueron informados ante el Juzgado de Paz quien tom\u00f3 intervenci\u00f3n&nbsp; por infracci\u00f3n al c\u00f3digo de faltas.-<\/p>\n","protected":false},"excerpt":{"rendered":"<p>Durante la madruga de este viernes la polic\u00eda de nuestra ciudad realiz\u00f3 varias aprehensiones de personas que se encontraban provocando disturbios en la v\u00eda p\u00fablica y en estado de ebriedad. El primero de&nbsp; ellos fue reducido en calle&nbsp; Sarmiento y Av. Espa\u00f1a donde se procede a la aprehensi\u00f3n de masculino de 30 a\u00f1os de edad.&nbsp;&nbsp; [&hellip;]<\/p>\n","protected":false},"author":4,"featured_media":84868,"comment_status":"open","ping_status":"closed","sticky":false,"template":"","format":"standard","meta":{"om_disable_all_campaigns":false,"_jetpack_memberships_contains_paid_content":false,"footnotes":""},"categories":[2,103],"tags":[],"class_list":["post-84892","post","type-post","status-publish","format-standard","has-post-thumbnail","hentry","category-locales","category-policiales-locales"],"aioseo_notices":[],"gutentor_comment":0,"jetpack_featured_media_url":"https:\/\/eldiariodesanpedro.com.ar\/sitio\/wp-content\/uploads\/2020\/12\/IMG-20201224-WA0014.jpg","jetpack_shortlink":"https:\/\/wp.me\/p6RhLt-m5e","jetpack_sharing_enabled":true,"_links":{"self":[{"href":"https:\/\/eldiariodesanpedro.com.ar\/sitio\/wp-json\/wp\/v2\/posts\/84892","targetHints":{"allow":["GET"]}}],"collection":[{"href":"https:\/\/eldiariodesanpedro.com.ar\/sitio\/wp-json\/wp\/v2\/posts"}],"about":[{"href":"https:\/\/eldiariodesanpedro.com.ar\/sitio\/wp-json\/wp\/v2\/types\/post"}],"author":[{"embeddable":true,"href":"https:\/\/eldiariodesanpedro.com.ar\/sitio\/wp-json\/wp\/v2\/users\/4"}],"replies":[{"embeddable":true,"href":"https:\/\/eldiariodesanpedro.com.ar\/sitio\/wp-json\/wp\/v2\/comments?post=84892"}],"version-history":[{"count":1,"href":"https:\/\/eldiariodesanpedro.com.ar\/sitio\/wp-json\/wp\/v2\/posts\/84892\/revisions"}],"predecessor-version":[{"id":84893,"href":"https:\/\/eldiariodesanpedro.com.ar\/sitio\/wp-json\/wp\/v2\/posts\/84892\/revisions\/84893"}],"wp:featuredmedia":[{"embeddable":true,"href":"https:\/\/eldiariodesanpedro.com.ar\/sitio\/wp-json\/wp\/v2\/media\/84868"}],"wp:attachment":[{"href":"https:\/\/eldiariodesanpedro.com.ar\/sitio\/wp-json\/wp\/v2\/media?parent=84892"}],"wp:term":[{"taxonomy":"category","embeddable":true,"href":"https:\/\/eldiariodesanpedro.com.ar\/sitio\/wp-json\/wp\/v2\/categories?post=84892"},{"taxonomy":"post_tag","embeddable":true,"href":"https:\/\/eldiariodesanpedro.com.ar\/sitio\/wp-json\/wp\/v2\/tags?post=84892"}],"curies":[{"name":"wp","href":"https:\/\/api.w.org\/{rel}","templated":true}]}}