{"id":84890,"date":"2020-12-25T09:21:04","date_gmt":"2020-12-25T12:21:04","guid":{"rendered":"https:\/\/eldiariodesanpedro.com.ar\/sitio\/?p=84890"},"modified":"2020-12-25T09:21:08","modified_gmt":"2020-12-25T12:21:08","slug":"un-peaton-colisionado-por-una-camioneta","status":"publish","type":"post","link":"https:\/\/eldiariodesanpedro.com.ar\/sitio\/un-peaton-colisionado-por-una-camioneta\/","title":{"rendered":"Un peat\u00f3n colisionado por una camioneta"},"content":{"rendered":"<!-- VideographyWP Plugin Message: Automatic video embedding prevented by plugin options. -->\n\n<p>En la ma\u00f1ana de este jueves v\u00edspera de navidad ocurri\u00f3 un accidente de tr\u00e1nsito donde un ciudadano mayor de edad result\u00f3 herido al ser colisionado por una camioneta.<\/p>\n\n\n\n<p>El siniestro tuvo lugar en la esquina de las calles Bvard. Moreno y 25 de Mayo zona c\u00e9ntrica, donde una por razones que se tratan de establecer colisionaron una camioneta tipo Pick Up conducido por un masculino de 59 a\u00f1os de edad quien embiste a un peat\u00f3n de 51 a\u00f1os quien cae al piso.<\/p>\n\n\n\n<p>En el lugar se hace presente una ambulancia del SAME quienttraslado al peat\u00f3n hasta el nosocomio local donde se determin\u00f3 que las heridas sufridas fueron de car\u00e1cter leves.<\/p>\n","protected":false},"excerpt":{"rendered":"<p>En la ma\u00f1ana de este jueves v\u00edspera de navidad ocurri\u00f3 un accidente de tr\u00e1nsito donde un ciudadano mayor de edad result\u00f3 herido al ser colisionado por una camioneta. El siniestro tuvo lugar en la esquina de las calles Bvard. Moreno y 25 de Mayo zona c\u00e9ntrica, donde una por razones que se tratan de establecer [&hellip;]<\/p>\n","protected":false},"author":4,"featured_media":79665,"comment_status":"open","ping_status":"closed","sticky":false,"template":"","format":"standard","meta":{"om_disable_all_campaigns":false,"_jetpack_memberships_contains_paid_content":false,"footnotes":""},"categories":[2,103],"tags":[33,95,2018],"class_list":["post-84890","post","type-post","status-publish","format-standard","has-post-thumbnail","hentry","category-locales","category-policiales-locales","tag-locales","tag-policiales","tag-un-peaton-colisionado-por-una-camioneta"],"aioseo_notices":[],"gutentor_comment":0,"jetpack_featured_media_url":"https:\/\/eldiariodesanpedro.com.ar\/sitio\/wp-content\/uploads\/2020\/08\/AMBULANCIA-SAME-EMERGENCIA-2-143972_600x315.jpg","jetpack_shortlink":"https:\/\/wp.me\/p6RhLt-m5c","jetpack_sharing_enabled":true,"_links":{"self":[{"href":"https:\/\/eldiariodesanpedro.com.ar\/sitio\/wp-json\/wp\/v2\/posts\/84890","targetHints":{"allow":["GET"]}}],"collection":[{"href":"https:\/\/eldiariodesanpedro.com.ar\/sitio\/wp-json\/wp\/v2\/posts"}],"about":[{"href":"https:\/\/eldiariodesanpedro.com.ar\/sitio\/wp-json\/wp\/v2\/types\/post"}],"author":[{"embeddable":true,"href":"https:\/\/eldiariodesanpedro.com.ar\/sitio\/wp-json\/wp\/v2\/users\/4"}],"replies":[{"embeddable":true,"href":"https:\/\/eldiariodesanpedro.com.ar\/sitio\/wp-json\/wp\/v2\/comments?post=84890"}],"version-history":[{"count":1,"href":"https:\/\/eldiariodesanpedro.com.ar\/sitio\/wp-json\/wp\/v2\/posts\/84890\/revisions"}],"predecessor-version":[{"id":84891,"href":"https:\/\/eldiariodesanpedro.com.ar\/sitio\/wp-json\/wp\/v2\/posts\/84890\/revisions\/84891"}],"wp:featuredmedia":[{"embeddable":true,"href":"https:\/\/eldiariodesanpedro.com.ar\/sitio\/wp-json\/wp\/v2\/media\/79665"}],"wp:attachment":[{"href":"https:\/\/eldiariodesanpedro.com.ar\/sitio\/wp-json\/wp\/v2\/media?parent=84890"}],"wp:term":[{"taxonomy":"category","embeddable":true,"href":"https:\/\/eldiariodesanpedro.com.ar\/sitio\/wp-json\/wp\/v2\/categories?post=84890"},{"taxonomy":"post_tag","embeddable":true,"href":"https:\/\/eldiariodesanpedro.com.ar\/sitio\/wp-json\/wp\/v2\/tags?post=84890"}],"curies":[{"name":"wp","href":"https:\/\/api.w.org\/{rel}","templated":true}]}}