{"id":8489,"date":"2016-09-29T19:08:32","date_gmt":"2016-09-29T22:08:32","guid":{"rendered":"https:\/\/eldiariodesanpedro.com.ar\/sitio\/?p=8489"},"modified":"2016-09-29T19:08:32","modified_gmt":"2016-09-29T22:08:32","slug":"la-provincia-otorgara-un-subsidio-para-que-puerto-pueda-ser-dragado","status":"publish","type":"post","link":"https:\/\/eldiariodesanpedro.com.ar\/sitio\/la-provincia-otorgara-un-subsidio-para-que-puerto-pueda-ser-dragado\/","title":{"rendered":"La Provincia otorgar\u00e1  un subsidio para que puerto pueda ser dragado"},"content":{"rendered":"<p><!-- VideographyWP Plugin Message: Automatic video embedding prevented by plugin options. --><br \/>\nEs producto de las gestiones del Intendente ante la Gobernadora Mar\u00eda Eugenia Vidal. Lo inform\u00f3 el Ministro de Producci\u00f3n Bonaerense Joaqu\u00edn de La Torre en la reuni\u00f3n del Consorcio del corredor productivo del noreste de la provincia de Buenos Aires (COPRONE), se espera que en los pr\u00f3ximos d\u00edas llegue a San Pedro para anunciarlo.<br \/>\nLa ayuda econ\u00f3mica llega tras las gestiones iniciadas por el Intendente Salazar ante la Gobernadora Mar\u00eda Eugenia Vidal.<br \/>\nEl encuentro que tuvo lugar en Exaltaci\u00f3n de la Cruz es la antesala del que se desarrollar\u00e1 en el mes de octubre en San Nicol\u00e1s. Ya confirmaron su presencia Directores y Secretarios de Producci\u00f3n de la secci\u00f3n. El Ministro De La Torre tambi\u00e9n ser\u00e1 de la partida. Productores de la zona ser\u00e1n invitados.<\/p>\n","protected":false},"excerpt":{"rendered":"<p>Es producto de las gestiones del Intendente ante la Gobernadora Mar\u00eda Eugenia Vidal. Lo inform\u00f3 el Ministro de Producci\u00f3n Bonaerense Joaqu\u00edn de La Torre en la reuni\u00f3n del Consorcio del corredor productivo del noreste de la provincia de Buenos Aires (COPRONE), se espera que en los pr\u00f3ximos d\u00edas llegue a San Pedro para anunciarlo. La [&hellip;]<\/p>\n","protected":false},"author":4,"featured_media":8490,"comment_status":"open","ping_status":"closed","sticky":false,"template":"","format":"standard","meta":{"om_disable_all_campaigns":false,"_jetpack_memberships_contains_paid_content":false,"footnotes":""},"categories":[2,102],"tags":[],"class_list":["post-8489","post","type-post","status-publish","format-standard","has-post-thumbnail","hentry","category-locales","category-politica-locales"],"aioseo_notices":[],"gutentor_comment":0,"jetpack_featured_media_url":"https:\/\/eldiariodesanpedro.com.ar\/sitio\/wp-content\/uploads\/2016\/09\/PAGINA-3-02-4.jpg","jetpack_shortlink":"https:\/\/wp.me\/p6RhLt-2cV","jetpack_sharing_enabled":true,"_links":{"self":[{"href":"https:\/\/eldiariodesanpedro.com.ar\/sitio\/wp-json\/wp\/v2\/posts\/8489","targetHints":{"allow":["GET"]}}],"collection":[{"href":"https:\/\/eldiariodesanpedro.com.ar\/sitio\/wp-json\/wp\/v2\/posts"}],"about":[{"href":"https:\/\/eldiariodesanpedro.com.ar\/sitio\/wp-json\/wp\/v2\/types\/post"}],"author":[{"embeddable":true,"href":"https:\/\/eldiariodesanpedro.com.ar\/sitio\/wp-json\/wp\/v2\/users\/4"}],"replies":[{"embeddable":true,"href":"https:\/\/eldiariodesanpedro.com.ar\/sitio\/wp-json\/wp\/v2\/comments?post=8489"}],"version-history":[{"count":1,"href":"https:\/\/eldiariodesanpedro.com.ar\/sitio\/wp-json\/wp\/v2\/posts\/8489\/revisions"}],"predecessor-version":[{"id":8491,"href":"https:\/\/eldiariodesanpedro.com.ar\/sitio\/wp-json\/wp\/v2\/posts\/8489\/revisions\/8491"}],"wp:featuredmedia":[{"embeddable":true,"href":"https:\/\/eldiariodesanpedro.com.ar\/sitio\/wp-json\/wp\/v2\/media\/8490"}],"wp:attachment":[{"href":"https:\/\/eldiariodesanpedro.com.ar\/sitio\/wp-json\/wp\/v2\/media?parent=8489"}],"wp:term":[{"taxonomy":"category","embeddable":true,"href":"https:\/\/eldiariodesanpedro.com.ar\/sitio\/wp-json\/wp\/v2\/categories?post=8489"},{"taxonomy":"post_tag","embeddable":true,"href":"https:\/\/eldiariodesanpedro.com.ar\/sitio\/wp-json\/wp\/v2\/tags?post=8489"}],"curies":[{"name":"wp","href":"https:\/\/api.w.org\/{rel}","templated":true}]}}