{"id":84886,"date":"2020-12-25T09:13:31","date_gmt":"2020-12-25T12:13:31","guid":{"rendered":"https:\/\/eldiariodesanpedro.com.ar\/sitio\/?p=84886"},"modified":"2020-12-28T09:44:51","modified_gmt":"2020-12-28T12:44:51","slug":"accidente-fatal-en-ruta-1001-donde-murio-una-mujer-policia-que-regresaba-de-trabajar","status":"publish","type":"post","link":"https:\/\/eldiariodesanpedro.com.ar\/sitio\/accidente-fatal-en-ruta-1001-donde-murio-una-mujer-policia-que-regresaba-de-trabajar\/","title":{"rendered":"Accidente fatal en ruta 1001 donde muri\u00f3 una mujer polic\u00eda que se dirig\u00eda a trabajar"},"content":{"rendered":"<!-- VideographyWP Plugin Message: Automatic video embedding prevented by plugin options. -->\n\n<p>La navidad comenz\u00f3 con una triste noticia por el deceso de una efectivo policial que falleci\u00f3 al perder el control de su veh\u00edculo cuando regresaba de prestar servicios en el destacamento de R\u00edo Tala.<\/p>\n\n\n\n<p>Este viernes en los primeros minutos del d\u00eda pasadas las 00 horas una mujer de alrededor de 30 a\u00f1os de edad identificada como Daiana Lafalce perdi\u00f3 la vida tras el vuelco de su autom\u00f3vil en ruta 1001 km 9 a la altura del vivero Las Margaritas.<\/p>\n\n\n\n<p>La joven oficial de polic\u00eda regresaba de prestar servicios adicionales en el destacamento de R\u00edo Tala.<\/p>\n\n\n\n<p>Se trata de establecer c\u00f3mo sucedi\u00f3 el hecho por lo que en el lugar se hicieron pericias de rigor con la presencia de Polic\u00eda Cient\u00edfica y adem\u00e1s la colaboraci\u00f3n de Bomberos Voluntarios para poder retirar el cuerpo de entre los restos del rodado.<\/p>\n\n\n\n<p>Pesar en las filas de la fuerza policial por la triste perdida. Se iniciaron las correspondientes actuaciones administrativas con intervenci\u00f3n del ministerio de seguridad.<\/p>\n","protected":false},"excerpt":{"rendered":"<p>La navidad comenz\u00f3 con una triste noticia por el deceso de una efectivo policial que falleci\u00f3 al perder el control de su veh\u00edculo cuando regresaba de prestar servicios en el destacamento de R\u00edo Tala. Este viernes en los primeros minutos del d\u00eda pasadas las 00 horas una mujer de alrededor de 30 a\u00f1os de edad [&hellip;]<\/p>\n","protected":false},"author":4,"featured_media":84887,"comment_status":"open","ping_status":"closed","sticky":false,"template":"","format":"standard","meta":{"om_disable_all_campaigns":false,"_jetpack_memberships_contains_paid_content":false,"footnotes":""},"categories":[50,2,103],"tags":[],"class_list":["post-84886","post","type-post","status-publish","format-standard","has-post-thumbnail","hentry","category-destacadas","category-locales","category-policiales-locales"],"aioseo_notices":[],"gutentor_comment":0,"jetpack_featured_media_url":"https:\/\/eldiariodesanpedro.com.ar\/sitio\/wp-content\/uploads\/2020\/12\/Daiana-Lafalce-.png","jetpack_shortlink":"https:\/\/wp.me\/p6RhLt-m58","jetpack_sharing_enabled":true,"_links":{"self":[{"href":"https:\/\/eldiariodesanpedro.com.ar\/sitio\/wp-json\/wp\/v2\/posts\/84886","targetHints":{"allow":["GET"]}}],"collection":[{"href":"https:\/\/eldiariodesanpedro.com.ar\/sitio\/wp-json\/wp\/v2\/posts"}],"about":[{"href":"https:\/\/eldiariodesanpedro.com.ar\/sitio\/wp-json\/wp\/v2\/types\/post"}],"author":[{"embeddable":true,"href":"https:\/\/eldiariodesanpedro.com.ar\/sitio\/wp-json\/wp\/v2\/users\/4"}],"replies":[{"embeddable":true,"href":"https:\/\/eldiariodesanpedro.com.ar\/sitio\/wp-json\/wp\/v2\/comments?post=84886"}],"version-history":[{"count":3,"href":"https:\/\/eldiariodesanpedro.com.ar\/sitio\/wp-json\/wp\/v2\/posts\/84886\/revisions"}],"predecessor-version":[{"id":84927,"href":"https:\/\/eldiariodesanpedro.com.ar\/sitio\/wp-json\/wp\/v2\/posts\/84886\/revisions\/84927"}],"wp:featuredmedia":[{"embeddable":true,"href":"https:\/\/eldiariodesanpedro.com.ar\/sitio\/wp-json\/wp\/v2\/media\/84887"}],"wp:attachment":[{"href":"https:\/\/eldiariodesanpedro.com.ar\/sitio\/wp-json\/wp\/v2\/media?parent=84886"}],"wp:term":[{"taxonomy":"category","embeddable":true,"href":"https:\/\/eldiariodesanpedro.com.ar\/sitio\/wp-json\/wp\/v2\/categories?post=84886"},{"taxonomy":"post_tag","embeddable":true,"href":"https:\/\/eldiariodesanpedro.com.ar\/sitio\/wp-json\/wp\/v2\/tags?post=84886"}],"curies":[{"name":"wp","href":"https:\/\/api.w.org\/{rel}","templated":true}]}}