{"id":84883,"date":"2020-12-24T11:09:58","date_gmt":"2020-12-24T14:09:58","guid":{"rendered":"https:\/\/eldiariodesanpedro.com.ar\/sitio\/?p=84883"},"modified":"2020-12-24T11:10:02","modified_gmt":"2020-12-24T14:10:02","slug":"allanaron-un-domicilio-de-nuestra-ciudad-en-busca-de-ricardo-papadopulos","status":"publish","type":"post","link":"https:\/\/eldiariodesanpedro.com.ar\/sitio\/allanaron-un-domicilio-de-nuestra-ciudad-en-busca-de-ricardo-papadopulos\/","title":{"rendered":"Allanaron un domicilio de nuestra ciudad en busca de Ricardo Papad\u00f3pulos"},"content":{"rendered":"<!-- VideographyWP Plugin Message: Automatic video embedding prevented by plugin options. -->\n\n<p>Se trata del joven de 21 a\u00f1os que est\u00e1 acusado de atropellar y matar a un ni\u00f1o de 5 a\u00f1os en Caba. Los resultados del operativo fueron negativos.<\/p>\n\n\n\n<p>Por pedido del fiscal C\u00e9sar Augusto Troncoso y autorizaci\u00f3n de la jueza Patricia Guichandut, una comisi\u00f3n perteneciente a la Polic\u00eda de la Ciudad de Buenos Aires a cargo del Oficial Principal Walter G\u00f3mez, allan\u00f3 un domicilio de nuestra localidad en busca de Ricardo Emmanuel Papad\u00f3pulos, el joven de 21 a\u00f1os que est\u00e1 acusado de conducir el auto VW Golf blanco que la semana pasada atropell\u00f3 en el barrio de Flores a una mujer y su hijo de 5 a\u00f1os quien falleci\u00f3 en el acto.<\/p>\n\n\n\n<p>La Polic\u00eda, que cont\u00f3 con el apoyo del personal de la Comisar\u00eda San Pedro, allan\u00f3 una propiedad ubicada en inmediaciones de Padre Santana al 1700 pero los resultados fueron negativos.<\/p>\n\n\n\n<p>Seg\u00fan explicaron autoridades vinculadas a la investigaci\u00f3n, en ese lugar se podr\u00eda estar ocultando el joven Papad\u00f3pulos, quien ya cuenta con pedido de captura nacional, pero en ese domicilio no se encontr\u00f3 absolutamente nada ni tampoco se pudo saber qu\u00e9 tipo de datos reunieron los pesquisas para dirigirse a ese lugar. &nbsp;<\/p>\n\n\n\n<p>El hecho ocurri\u00f3 el jueves de la semana anterior cerca de las 23 cuando un auto Volkswagen color blanco \u201ccruz\u00f3 un sem\u00e1foro en rojo\u201d y atropell\u00f3 a Isaac, de cinco a\u00f1os y a su mam\u00e1, cuando cruzaban la avenida Directorio, a la altura de San Pedrito, en el barrio porte\u00f1o de Flores. Al nene lo trasladaron de urgencia al Hospital Pi\u00f1ero, pero a las pocas horas muri\u00f3. La mujer, que sufri\u00f3 politraumatismos y fractura en el peron\u00e9, contin\u00faa internada fuera de peligro.<\/p>\n\n\n\n<p>El s\u00e1bado pasado se hab\u00eda entregado su pap\u00e1 y titular del veh\u00edculo, Rub\u00e9n Ariel Papadopulos, de 44 a\u00f1os, pero los investigadores sospechan que no era \u00e9l quien conduc\u00eda.<\/p>\n\n\n\n<p>Las c\u00e1maras de seguridad de un estacionamiento ubicado en Ciudadela registraron el momento de la llegada del auto despu\u00e9s de haber atropellado al nene y a su mam\u00e1 y darse a la fuga. En las im\u00e1genes se puede ver que el principal sospechoso baj\u00f3 del veh\u00edculo del lado del asiento del conductor y se detuvo a mirar la trompa del mismo. Viajaba con un acompa\u00f1ante, que se cree que ser\u00eda un amigo.<\/p>\n\n\n\n<p>En tanto, la ANSV dio a conocer que Papadopulos no ten\u00eda licencia de conducir.<\/p>\n\n\n\n<p>Fuente: <a href=\"https:\/\/www.sanpedroinforma.com.ar\/nota\/123889\/interes-general\/allanaron-un-domicilio-de-nuestra-ciudad-en-busca-de-ricardo-papadopulos.html\">San Pedro Informa<\/a><\/p>\n","protected":false},"excerpt":{"rendered":"<p>Se trata del joven de 21 a\u00f1os que est\u00e1 acusado de atropellar y matar a un ni\u00f1o de 5 a\u00f1os en Caba. Los resultados del operativo fueron negativos. Por pedido del fiscal C\u00e9sar Augusto Troncoso y autorizaci\u00f3n de la jueza Patricia Guichandut, una comisi\u00f3n perteneciente a la Polic\u00eda de la Ciudad de Buenos Aires a [&hellip;]<\/p>\n","protected":false},"author":4,"featured_media":84884,"comment_status":"open","ping_status":"closed","sticky":false,"template":"","format":"standard","meta":{"om_disable_all_campaigns":false,"_jetpack_memberships_contains_paid_content":false,"footnotes":""},"categories":[50,2,103],"tags":[],"class_list":["post-84883","post","type-post","status-publish","format-standard","has-post-thumbnail","hentry","category-destacadas","category-locales","category-policiales-locales"],"aioseo_notices":[],"gutentor_comment":0,"jetpack_featured_media_url":"https:\/\/eldiariodesanpedro.com.ar\/sitio\/wp-content\/uploads\/2020\/12\/000088995.jpeg","jetpack_shortlink":"https:\/\/wp.me\/p6RhLt-m55","jetpack_sharing_enabled":true,"_links":{"self":[{"href":"https:\/\/eldiariodesanpedro.com.ar\/sitio\/wp-json\/wp\/v2\/posts\/84883","targetHints":{"allow":["GET"]}}],"collection":[{"href":"https:\/\/eldiariodesanpedro.com.ar\/sitio\/wp-json\/wp\/v2\/posts"}],"about":[{"href":"https:\/\/eldiariodesanpedro.com.ar\/sitio\/wp-json\/wp\/v2\/types\/post"}],"author":[{"embeddable":true,"href":"https:\/\/eldiariodesanpedro.com.ar\/sitio\/wp-json\/wp\/v2\/users\/4"}],"replies":[{"embeddable":true,"href":"https:\/\/eldiariodesanpedro.com.ar\/sitio\/wp-json\/wp\/v2\/comments?post=84883"}],"version-history":[{"count":1,"href":"https:\/\/eldiariodesanpedro.com.ar\/sitio\/wp-json\/wp\/v2\/posts\/84883\/revisions"}],"predecessor-version":[{"id":84885,"href":"https:\/\/eldiariodesanpedro.com.ar\/sitio\/wp-json\/wp\/v2\/posts\/84883\/revisions\/84885"}],"wp:featuredmedia":[{"embeddable":true,"href":"https:\/\/eldiariodesanpedro.com.ar\/sitio\/wp-json\/wp\/v2\/media\/84884"}],"wp:attachment":[{"href":"https:\/\/eldiariodesanpedro.com.ar\/sitio\/wp-json\/wp\/v2\/media?parent=84883"}],"wp:term":[{"taxonomy":"category","embeddable":true,"href":"https:\/\/eldiariodesanpedro.com.ar\/sitio\/wp-json\/wp\/v2\/categories?post=84883"},{"taxonomy":"post_tag","embeddable":true,"href":"https:\/\/eldiariodesanpedro.com.ar\/sitio\/wp-json\/wp\/v2\/tags?post=84883"}],"curies":[{"name":"wp","href":"https:\/\/api.w.org\/{rel}","templated":true}]}}