{"id":84880,"date":"2020-12-24T11:07:05","date_gmt":"2020-12-24T14:07:05","guid":{"rendered":"https:\/\/eldiariodesanpedro.com.ar\/sitio\/?p=84880"},"modified":"2020-12-24T11:07:09","modified_gmt":"2020-12-24T14:07:09","slug":"homenaje-al-personal-de-salud-con-una-obra-artistica-en-el-acceso-al-hospital","status":"publish","type":"post","link":"https:\/\/eldiariodesanpedro.com.ar\/sitio\/homenaje-al-personal-de-salud-con-una-obra-artistica-en-el-acceso-al-hospital\/","title":{"rendered":"Homenaje al personal de salud con una obra art\u00edstica en el acceso al Hospital"},"content":{"rendered":"<!-- VideographyWP Plugin Message: Automatic video embedding prevented by plugin options. -->\n\n<p>Se trata de una obra ideada por el artista Jorge L\u00f3pez y que fue presentada en la ma\u00f1ana del mi\u00e9rcoles por las autoridades municipales.<\/p>\n\n\n\n<p>En el acceso al Hospital \u00abEmilio Ruffa\u00bb fue presentada\u00a0una obra del artista sampedrino Jorge \u00abCoki\u00bb L\u00f3pez para homenajear y reconocer al personal de salud que trabaj\u00f3 y trabaja en la atenci\u00f3n y contenci\u00f3n de la Pandemia de Covid 19.<\/p>\n\n\n\n<p>Una imagen que representa y sintetiza lo vivido en estos tiempos con una se\u00f1al de esperanza, fue descubierta hoy en un acto simb\u00f3lico que encabezaron el Intendente Cecilio Salazar y el Secretario de Salud, Dr. Guillermo Sancho.<\/p>\n\n\n\n<p>El titular del \u00e1rea de Salud se refiri\u00f3 a los largos y complicados meses de trabajo \u00abcon un alto compromiso de todos los sectores de la sociedad y del personal de todas las \u00e1reas municipales\u00bb, adem\u00e1s del personal m\u00e9dico del sector privado que tambi\u00e9n particip\u00f3 y participa activamente de esta emergencia.<\/p>\n\n\n\n<p>El Intendente destac\u00f3 ese reconocimiento y se\u00f1al\u00f3 que \u00abdesde el equipo de gobierno siempre se sinti\u00f3 el acompa\u00f1amiento de todos, para hacer frente a este momento tan complicado\u00bb.\u00a0<\/p>\n\n\n\n<p>\u00abHemos trabajado juntos con el sector p\u00fablico y privado y en la coordinaci\u00f3n del Dr. Sancho agradezco a todos los que nos acompa\u00f1an en esta tarea\u00bb.&nbsp;<\/p>\n\n\n\n<p>Se refiri\u00f3 adem\u00e1s a la recuperaci\u00f3n del Hospital y a la decisi\u00f3n de destinar mayores recursos para la Salud como una prioridad.&nbsp;<\/p>\n\n\n\n<p>Habl\u00f3 de la esperanza de la llegada de las vacunas, dijo que \u00e9l se la aplicar\u00e1 cuando llegue el momento y se\u00f1al\u00f3 que se observa con mucha preocupaci\u00f3n lo que est\u00e1 sucediendo en estos d\u00edas con el crecimiento de casos.<\/p>\n\n\n\n<p>El Intendente pidi\u00f3 especialmente que en estas fechas que se aproximan \u00abnos cuidemos y cuidemos a nuestros padres y abuelos, que son quienes tienen los mayores riesgos\u00bb.<br>\u00a0<br>\u00abEl pueblo de San Pedro les agradece inmensamente y esta obra ser\u00e1 un recuerdo para siempre. Cada persona que pase por ac\u00e1 ver\u00e1 este reconocimiento y lo hacemos de coraz\u00f3n. La tarea contin\u00faa porque el peligro sigue acechando, pero conf\u00edo que en la ciudad, la provincia y el pa\u00eds llegar\u00e1n tiempos mejores\u00bb.<\/p>\n\n\n\n<p>La obra fue descubierta por el Intendente, el Dr. Sancho, la Presidenta del C\u00edrculo M\u00e9dico Dra. Liliana Dold\u00e1n y el Director del Hospital Dr. Javier Sualdea y el artista de la obra, y en ella se lee: \u00abA los trabajadores de la Salud muchas gracias por su compromiso, valor y humanidad\u00bb.<\/p>\n","protected":false},"excerpt":{"rendered":"<p>Se trata de una obra ideada por el artista Jorge L\u00f3pez y que fue presentada en la ma\u00f1ana del mi\u00e9rcoles por las autoridades municipales. En el acceso al Hospital \u00abEmilio Ruffa\u00bb fue presentada\u00a0una obra del artista sampedrino Jorge \u00abCoki\u00bb L\u00f3pez para homenajear y reconocer al personal de salud que trabaj\u00f3 y trabaja en la atenci\u00f3n [&hellip;]<\/p>\n","protected":false},"author":4,"featured_media":84881,"comment_status":"open","ping_status":"closed","sticky":false,"template":"","format":"standard","meta":{"om_disable_all_campaigns":false,"_jetpack_memberships_contains_paid_content":false,"footnotes":""},"categories":[50,101,2],"tags":[2017],"class_list":["post-84880","post","type-post","status-publish","format-standard","has-post-thumbnail","hentry","category-destacadas","category-interes-general-locales","category-locales","tag-homenaje-al-personal-de-salud-con-una-obra-artistica-en-el-acceso-al-hospital"],"aioseo_notices":[],"gutentor_comment":0,"jetpack_featured_media_url":"https:\/\/eldiariodesanpedro.com.ar\/sitio\/wp-content\/uploads\/2020\/12\/000089003.jpg","jetpack_shortlink":"https:\/\/wp.me\/p6RhLt-m52","jetpack_sharing_enabled":true,"_links":{"self":[{"href":"https:\/\/eldiariodesanpedro.com.ar\/sitio\/wp-json\/wp\/v2\/posts\/84880","targetHints":{"allow":["GET"]}}],"collection":[{"href":"https:\/\/eldiariodesanpedro.com.ar\/sitio\/wp-json\/wp\/v2\/posts"}],"about":[{"href":"https:\/\/eldiariodesanpedro.com.ar\/sitio\/wp-json\/wp\/v2\/types\/post"}],"author":[{"embeddable":true,"href":"https:\/\/eldiariodesanpedro.com.ar\/sitio\/wp-json\/wp\/v2\/users\/4"}],"replies":[{"embeddable":true,"href":"https:\/\/eldiariodesanpedro.com.ar\/sitio\/wp-json\/wp\/v2\/comments?post=84880"}],"version-history":[{"count":1,"href":"https:\/\/eldiariodesanpedro.com.ar\/sitio\/wp-json\/wp\/v2\/posts\/84880\/revisions"}],"predecessor-version":[{"id":84882,"href":"https:\/\/eldiariodesanpedro.com.ar\/sitio\/wp-json\/wp\/v2\/posts\/84880\/revisions\/84882"}],"wp:featuredmedia":[{"embeddable":true,"href":"https:\/\/eldiariodesanpedro.com.ar\/sitio\/wp-json\/wp\/v2\/media\/84881"}],"wp:attachment":[{"href":"https:\/\/eldiariodesanpedro.com.ar\/sitio\/wp-json\/wp\/v2\/media?parent=84880"}],"wp:term":[{"taxonomy":"category","embeddable":true,"href":"https:\/\/eldiariodesanpedro.com.ar\/sitio\/wp-json\/wp\/v2\/categories?post=84880"},{"taxonomy":"post_tag","embeddable":true,"href":"https:\/\/eldiariodesanpedro.com.ar\/sitio\/wp-json\/wp\/v2\/tags?post=84880"}],"curies":[{"name":"wp","href":"https:\/\/api.w.org\/{rel}","templated":true}]}}