{"id":84875,"date":"2020-12-24T10:50:28","date_gmt":"2020-12-24T13:50:28","guid":{"rendered":"https:\/\/eldiariodesanpedro.com.ar\/sitio\/?p=84875"},"modified":"2020-12-24T10:50:33","modified_gmt":"2020-12-24T13:50:33","slug":"corte-programado-de-energia-para-este-sabado","status":"publish","type":"post","link":"https:\/\/eldiariodesanpedro.com.ar\/sitio\/corte-programado-de-energia-para-este-sabado\/","title":{"rendered":"Corte programado de energ\u00eda para este s\u00e1bado"},"content":{"rendered":"<!-- VideographyWP Plugin Message: Automatic video embedding prevented by plugin options. -->\n\n<p>COOPSER informa que este s<strong>\u00e1bado 26 de diciembre<\/strong>&nbsp;se cumplir\u00e1 con un corte programado&nbsp;<strong>desde las 5 hasta las 8 de la ma\u00f1ana.<\/strong><\/p>\n\n\n\n<p>Las tareas de mantenimiento que obligan a esta interrupci\u00f3n se concentrar\u00e1n en la zona comprendida por&nbsp;<strong>Honorio Pueyrredon, Combate de Obligado, Mitre, Juan de Garay y zonas aleda\u00f1as<\/strong>. Tambi\u00e9n se ver\u00e1 afectada la calle&nbsp;<strong>Liniers hasta Sargento Zelada.<\/strong><\/p>\n","protected":false},"excerpt":{"rendered":"<p>COOPSER informa que este s\u00e1bado 26 de diciembre&nbsp;se cumplir\u00e1 con un corte programado&nbsp;desde las 5 hasta las 8 de la ma\u00f1ana. Las tareas de mantenimiento que obligan a esta interrupci\u00f3n se concentrar\u00e1n en la zona comprendida por&nbsp;Honorio Pueyrredon, Combate de Obligado, Mitre, Juan de Garay y zonas aleda\u00f1as. Tambi\u00e9n se ver\u00e1 afectada la calle&nbsp;Liniers hasta [&hellip;]<\/p>\n","protected":false},"author":4,"featured_media":77036,"comment_status":"open","ping_status":"closed","sticky":false,"template":"","format":"standard","meta":{"om_disable_all_campaigns":false,"_jetpack_memberships_contains_paid_content":false,"footnotes":""},"categories":[101,2],"tags":[197,696,33],"class_list":["post-84875","post","type-post","status-publish","format-standard","has-post-thumbnail","hentry","category-interes-general-locales","category-locales","tag-buenos-aires","tag-interes-general","tag-locales"],"aioseo_notices":[],"gutentor_comment":0,"jetpack_featured_media_url":"https:\/\/eldiariodesanpedro.com.ar\/sitio\/wp-content\/uploads\/2020\/07\/archivo-coopser.jpeg","jetpack_shortlink":"https:\/\/wp.me\/p6RhLt-m4X","jetpack_sharing_enabled":true,"_links":{"self":[{"href":"https:\/\/eldiariodesanpedro.com.ar\/sitio\/wp-json\/wp\/v2\/posts\/84875","targetHints":{"allow":["GET"]}}],"collection":[{"href":"https:\/\/eldiariodesanpedro.com.ar\/sitio\/wp-json\/wp\/v2\/posts"}],"about":[{"href":"https:\/\/eldiariodesanpedro.com.ar\/sitio\/wp-json\/wp\/v2\/types\/post"}],"author":[{"embeddable":true,"href":"https:\/\/eldiariodesanpedro.com.ar\/sitio\/wp-json\/wp\/v2\/users\/4"}],"replies":[{"embeddable":true,"href":"https:\/\/eldiariodesanpedro.com.ar\/sitio\/wp-json\/wp\/v2\/comments?post=84875"}],"version-history":[{"count":1,"href":"https:\/\/eldiariodesanpedro.com.ar\/sitio\/wp-json\/wp\/v2\/posts\/84875\/revisions"}],"predecessor-version":[{"id":84876,"href":"https:\/\/eldiariodesanpedro.com.ar\/sitio\/wp-json\/wp\/v2\/posts\/84875\/revisions\/84876"}],"wp:featuredmedia":[{"embeddable":true,"href":"https:\/\/eldiariodesanpedro.com.ar\/sitio\/wp-json\/wp\/v2\/media\/77036"}],"wp:attachment":[{"href":"https:\/\/eldiariodesanpedro.com.ar\/sitio\/wp-json\/wp\/v2\/media?parent=84875"}],"wp:term":[{"taxonomy":"category","embeddable":true,"href":"https:\/\/eldiariodesanpedro.com.ar\/sitio\/wp-json\/wp\/v2\/categories?post=84875"},{"taxonomy":"post_tag","embeddable":true,"href":"https:\/\/eldiariodesanpedro.com.ar\/sitio\/wp-json\/wp\/v2\/tags?post=84875"}],"curies":[{"name":"wp","href":"https:\/\/api.w.org\/{rel}","templated":true}]}}