{"id":84867,"date":"2020-12-24T10:41:57","date_gmt":"2020-12-24T13:41:57","guid":{"rendered":"https:\/\/eldiariodesanpedro.com.ar\/sitio\/?p=84867"},"modified":"2020-12-24T10:42:00","modified_gmt":"2020-12-24T13:42:00","slug":"allanamiento-positivos-en-la-zona-de-bajo-cementerio","status":"publish","type":"post","link":"https:\/\/eldiariodesanpedro.com.ar\/sitio\/allanamiento-positivos-en-la-zona-de-bajo-cementerio\/","title":{"rendered":"Allanamiento positivos en la Zona de Bajo Cementerio"},"content":{"rendered":"<!-- VideographyWP Plugin Message: Automatic video embedding prevented by plugin options. -->\n\n<p>En el marco de causa judicial caratulada \u00abamenazas agravadas\u00bb iniciadas en la comisar\u00eda de la mujer y la familia, en la tarde de hoy en amplio operativo policial realizado por personal del Gabinete criminol\u00f3gico de la comisar\u00eda y Grupo Gad, di\u00f3&nbsp; cumplimiento Orden de Allanamiento en la zona de la Bajada de Puerto poste 16, residencia de un masculino o denunciado secuestran`una escopeta calibre 28 marca sportsman, rev\u00f3lver&nbsp; calibre 32 cromado marca ilegible, Carabina Recortada, con cargador colocado, un mecanismo de carabina ca\u00f1o recortado no apto para disparo,&nbsp; cartuchos distintos calibre intactas.&nbsp;<\/p>\n\n\n\n<p>Ausente el morador e imputado al momento de la diligencia\u00a0 procurando detenci\u00f3n . Prosigue la justicia local.<\/p>\n\n\n\n<figure class=\"wp-block-image size-large\"><img decoding=\"async\" width=\"736\" height=\"585\" data-attachment-id=\"84870\" data-permalink=\"https:\/\/eldiariodesanpedro.com.ar\/sitio\/img-20201224-wa0014-2\/\" data-orig-file=\"https:\/\/eldiariodesanpedro.com.ar\/sitio\/wp-content\/uploads\/2020\/12\/IMG-20201224-WA0014-1.jpg\" data-orig-size=\"736,585\" data-comments-opened=\"1\" data-image-meta=\"{&quot;aperture&quot;:&quot;0&quot;,&quot;credit&quot;:&quot;&quot;,&quot;camera&quot;:&quot;&quot;,&quot;caption&quot;:&quot;&quot;,&quot;created_timestamp&quot;:&quot;0&quot;,&quot;copyright&quot;:&quot;&quot;,&quot;focal_length&quot;:&quot;0&quot;,&quot;iso&quot;:&quot;0&quot;,&quot;shutter_speed&quot;:&quot;0&quot;,&quot;title&quot;:&quot;&quot;,&quot;orientation&quot;:&quot;0&quot;}\" data-image-title=\"IMG-20201224-WA0014\" data-image-description=\"\" data-image-caption=\"\" data-large-file=\"https:\/\/eldiariodesanpedro.com.ar\/sitio\/wp-content\/uploads\/2020\/12\/IMG-20201224-WA0014-1.jpg\" data-src=\"https:\/\/eldiariodesanpedro.com.ar\/sitio\/wp-content\/uploads\/2020\/12\/IMG-20201224-WA0014-1.jpg\" alt=\"\" class=\"wp-image-84870 lazyload\" data-srcset=\"https:\/\/eldiariodesanpedro.com.ar\/sitio\/wp-content\/uploads\/2020\/12\/IMG-20201224-WA0014-1.jpg 736w, https:\/\/eldiariodesanpedro.com.ar\/sitio\/wp-content\/uploads\/2020\/12\/IMG-20201224-WA0014-1-300x238.jpg 300w\" data-sizes=\"(max-width: 736px) 100vw, 736px\" src=\"data:image\/svg+xml;base64,PHN2ZyB3aWR0aD0iMSIgaGVpZ2h0PSIxIiB4bWxucz0iaHR0cDovL3d3dy53My5vcmcvMjAwMC9zdmciPjwvc3ZnPg==\" style=\"--smush-placeholder-width: 736px; --smush-placeholder-aspect-ratio: 736\/585;\" \/><\/figure>\n","protected":false},"excerpt":{"rendered":"<p>En el marco de causa judicial caratulada \u00abamenazas agravadas\u00bb iniciadas en la comisar\u00eda de la mujer y la familia, en la tarde de hoy en amplio operativo policial realizado por personal del Gabinete criminol\u00f3gico de la comisar\u00eda y Grupo Gad, di\u00f3&nbsp; cumplimiento Orden de Allanamiento en la zona de la Bajada de Puerto poste 16, [&hellip;]<\/p>\n","protected":false},"author":4,"featured_media":84871,"comment_status":"open","ping_status":"closed","sticky":false,"template":"","format":"standard","meta":{"om_disable_all_campaigns":false,"_jetpack_memberships_contains_paid_content":false,"footnotes":""},"categories":[50,2,103],"tags":[],"class_list":["post-84867","post","type-post","status-publish","format-standard","has-post-thumbnail","hentry","category-destacadas","category-locales","category-policiales-locales"],"aioseo_notices":[],"gutentor_comment":0,"jetpack_featured_media_url":"https:\/\/eldiariodesanpedro.com.ar\/sitio\/wp-content\/uploads\/2020\/12\/IMG-20201224-WA0013-1.jpg","jetpack_shortlink":"https:\/\/wp.me\/p6RhLt-m4P","jetpack_sharing_enabled":true,"_links":{"self":[{"href":"https:\/\/eldiariodesanpedro.com.ar\/sitio\/wp-json\/wp\/v2\/posts\/84867","targetHints":{"allow":["GET"]}}],"collection":[{"href":"https:\/\/eldiariodesanpedro.com.ar\/sitio\/wp-json\/wp\/v2\/posts"}],"about":[{"href":"https:\/\/eldiariodesanpedro.com.ar\/sitio\/wp-json\/wp\/v2\/types\/post"}],"author":[{"embeddable":true,"href":"https:\/\/eldiariodesanpedro.com.ar\/sitio\/wp-json\/wp\/v2\/users\/4"}],"replies":[{"embeddable":true,"href":"https:\/\/eldiariodesanpedro.com.ar\/sitio\/wp-json\/wp\/v2\/comments?post=84867"}],"version-history":[{"count":1,"href":"https:\/\/eldiariodesanpedro.com.ar\/sitio\/wp-json\/wp\/v2\/posts\/84867\/revisions"}],"predecessor-version":[{"id":84872,"href":"https:\/\/eldiariodesanpedro.com.ar\/sitio\/wp-json\/wp\/v2\/posts\/84867\/revisions\/84872"}],"wp:featuredmedia":[{"embeddable":true,"href":"https:\/\/eldiariodesanpedro.com.ar\/sitio\/wp-json\/wp\/v2\/media\/84871"}],"wp:attachment":[{"href":"https:\/\/eldiariodesanpedro.com.ar\/sitio\/wp-json\/wp\/v2\/media?parent=84867"}],"wp:term":[{"taxonomy":"category","embeddable":true,"href":"https:\/\/eldiariodesanpedro.com.ar\/sitio\/wp-json\/wp\/v2\/categories?post=84867"},{"taxonomy":"post_tag","embeddable":true,"href":"https:\/\/eldiariodesanpedro.com.ar\/sitio\/wp-json\/wp\/v2\/tags?post=84867"}],"curies":[{"name":"wp","href":"https:\/\/api.w.org\/{rel}","templated":true}]}}