{"id":84863,"date":"2020-12-24T10:21:28","date_gmt":"2020-12-24T13:21:28","guid":{"rendered":"https:\/\/eldiariodesanpedro.com.ar\/sitio\/?p=84863"},"modified":"2020-12-24T10:21:32","modified_gmt":"2020-12-24T13:21:32","slug":"el-intendente-solicito-a-luz-y-fuerza-la-apertura-de-mansa-y-se-firma-un-acta-para-que-se-habilite-desde-enero","status":"publish","type":"post","link":"https:\/\/eldiariodesanpedro.com.ar\/sitio\/el-intendente-solicito-a-luz-y-fuerza-la-apertura-de-mansa-y-se-firma-un-acta-para-que-se-habilite-desde-enero\/","title":{"rendered":"El Intendente solicit\u00f3 a Luz y Fuerza la apertura de MANSA y se firma un acta para que se habilite desde Enero"},"content":{"rendered":"<!-- VideographyWP Plugin Message: Automatic video embedding prevented by plugin options. -->\n\n<p>La Municipalidad de San Pedro y la Federaci\u00f3n de Trabajadores de Luz y Fuerza avanzan en los \u00faltimos detalles para la apertura del predio de Mansa LYFE a partir del 5 de enero, luego de las gestiones realizadas por el Intendente Municipal y la Directora de Turismo, Marcela Cu\u00f1er.&nbsp;<\/p>\n\n\n\n<p>La decisi\u00f3n comunicada oficialmente por la FATLYF el 27 de noviembre pasado anunciando que todos sus predios y complejos tur\u00edsticos permanecer\u00edan cerrados, incluy\u00f3 al camping MANSA LYFE, que se encuentra concesionado por la Municipalidad de San Pedro a este importante sindicato nacional.<\/p>\n\n\n\n<p>Ante esta situaci\u00f3n el Intendente Cecilio Salazar y la Directora de Turismo iniciaron conversaciones con representantes del Sindicato de Luz y Fuerza Zona del Paran\u00e1,&nbsp; y mantuvieron contactos y reuniones que escalaron hasta las m\u00e1ximas autoridades gremiales, con las que existe una excelente relaci\u00f3n desde el gobierno local.<\/p>\n\n\n\n<p>En el despacho del Intendente se concret\u00f3 una reuni\u00f3n muy importante en la que estuvieron presentes, el Secretario de Turismo de la FATLYF Sergio Men\u00e9ndez y el Secretario General de la FATLYF Zona del Paran\u00e1, Sergio Vergara.&nbsp;<\/p>\n\n\n\n<p>All\u00ed, el Intendente solicit\u00f3 un tratamiento diferente para el predio de San Pedro, propiedad del estado local, para que m\u00e1s all\u00e1 de la decisi\u00f3n tomada a nivel nacional, entendieran que una decisi\u00f3n de estas caracter\u00edsticas afectar\u00eda seriamente la capacidad de recepci\u00f3n de turistas en la pr\u00f3xima temporada y limitar\u00eda tambi\u00e9n el acceso a un espacio costero, con una entrada accesible, para todos los sampedrinos.&nbsp;<\/p>\n\n\n\n<p>Como respuesta a esta solicitud, se elabor\u00f3 un acta que determina responsabilidades del gobierno y del propio sindicato para poder modificar esa decisi\u00f3n y abrir, camping y playa, a partir del pr\u00f3ximo 5 de enero.<\/p>\n\n\n\n<p>Los detalles del acta que deber\u00e1n firmar la Municipalidad y Luz y Fuerza se dar\u00e1n a conocer en breve y al mismo tiempo ya ha comenzado el operativo interno que se debe realizar desde la administraci\u00f3n de MANSA LYFE para dejar las instalaciones en condiciones de que sean habilitadas a los sampedrinos y turistas.<\/p>\n\n\n\n<p>Dentro de los puntos del acta que est\u00e1 a la firma se establece que habr\u00e1 personal del Camping y personal destinado por la Municipalidad en diferentes \u00e1reas del predio y que se manejar\u00e1n aranceles accesibles para el ingreso por d\u00eda y acampe.<\/p>\n","protected":false},"excerpt":{"rendered":"<p>La Municipalidad de San Pedro y la Federaci\u00f3n de Trabajadores de Luz y Fuerza avanzan en los \u00faltimos detalles para la apertura del predio de Mansa LYFE a partir del 5 de enero, luego de las gestiones realizadas por el Intendente Municipal y la Directora de Turismo, Marcela Cu\u00f1er.&nbsp; La decisi\u00f3n comunicada oficialmente por la [&hellip;]<\/p>\n","protected":false},"author":4,"featured_media":84865,"comment_status":"open","ping_status":"closed","sticky":false,"template":"","format":"standard","meta":{"om_disable_all_campaigns":false,"_jetpack_memberships_contains_paid_content":false,"footnotes":""},"categories":[50,101,2],"tags":[],"class_list":["post-84863","post","type-post","status-publish","format-standard","has-post-thumbnail","hentry","category-destacadas","category-interes-general-locales","category-locales"],"aioseo_notices":[],"gutentor_comment":0,"jetpack_featured_media_url":"https:\/\/eldiariodesanpedro.com.ar\/sitio\/wp-content\/uploads\/2020\/12\/IMG-20201224-WA0007.jpg","jetpack_shortlink":"https:\/\/wp.me\/p6RhLt-m4L","jetpack_sharing_enabled":true,"_links":{"self":[{"href":"https:\/\/eldiariodesanpedro.com.ar\/sitio\/wp-json\/wp\/v2\/posts\/84863","targetHints":{"allow":["GET"]}}],"collection":[{"href":"https:\/\/eldiariodesanpedro.com.ar\/sitio\/wp-json\/wp\/v2\/posts"}],"about":[{"href":"https:\/\/eldiariodesanpedro.com.ar\/sitio\/wp-json\/wp\/v2\/types\/post"}],"author":[{"embeddable":true,"href":"https:\/\/eldiariodesanpedro.com.ar\/sitio\/wp-json\/wp\/v2\/users\/4"}],"replies":[{"embeddable":true,"href":"https:\/\/eldiariodesanpedro.com.ar\/sitio\/wp-json\/wp\/v2\/comments?post=84863"}],"version-history":[{"count":1,"href":"https:\/\/eldiariodesanpedro.com.ar\/sitio\/wp-json\/wp\/v2\/posts\/84863\/revisions"}],"predecessor-version":[{"id":84866,"href":"https:\/\/eldiariodesanpedro.com.ar\/sitio\/wp-json\/wp\/v2\/posts\/84863\/revisions\/84866"}],"wp:featuredmedia":[{"embeddable":true,"href":"https:\/\/eldiariodesanpedro.com.ar\/sitio\/wp-json\/wp\/v2\/media\/84865"}],"wp:attachment":[{"href":"https:\/\/eldiariodesanpedro.com.ar\/sitio\/wp-json\/wp\/v2\/media?parent=84863"}],"wp:term":[{"taxonomy":"category","embeddable":true,"href":"https:\/\/eldiariodesanpedro.com.ar\/sitio\/wp-json\/wp\/v2\/categories?post=84863"},{"taxonomy":"post_tag","embeddable":true,"href":"https:\/\/eldiariodesanpedro.com.ar\/sitio\/wp-json\/wp\/v2\/tags?post=84863"}],"curies":[{"name":"wp","href":"https:\/\/api.w.org\/{rel}","templated":true}]}}