{"id":8486,"date":"2016-09-29T19:06:53","date_gmt":"2016-09-29T22:06:53","guid":{"rendered":"https:\/\/eldiariodesanpedro.com.ar\/sitio\/?p=8486"},"modified":"2016-09-29T19:06:53","modified_gmt":"2016-09-29T22:06:53","slug":"el-20-de-octubre-podria-volver-a-abrir-la-clinica-san-martin","status":"publish","type":"post","link":"https:\/\/eldiariodesanpedro.com.ar\/sitio\/el-20-de-octubre-podria-volver-a-abrir-la-clinica-san-martin\/","title":{"rendered":"El 20 de Octubre podr\u00eda volver a abrir la Cl\u00ednica San Mart\u00edn"},"content":{"rendered":"<p><!-- VideographyWP Plugin Message: Automatic video embedding prevented by plugin options. --><br \/>\nTras el fracaso de las negociaciones con el personal, los accionistas de la Cl\u00ednica San Mart\u00edn ha vuelto a retomar las negociaciones con la Coopser.<br \/>\nLuego de que trascendiera p\u00fablicamente a trav\u00e9s de los medios de la ciudad que los trabajadores hab\u00edan determinado comenzar acciones legales para poder cobrar la deuda que la empresa mantiene con ellos, que ser\u00edan m\u00e1s de 8 meses los adeudados.<br \/>\nLo cierto es que ahora parece que integrantes del directorio han accedido a dejar de lado sus pretensiones y ceder, ante lo que la Cooperativa ha propuesto.<br \/>\nCabe destacar que el Consejo de Administraci\u00f3n se mantiene en la misma postura, invertir\u00e1 14 millones de pesos que es lo que los asesores han determinado que es el valor que tiene. La deuda por supuesto es muchos m\u00e1s y se ha incrementado en los \u00faltimos meses. Al mes de junio eran 24 millones y con el correr de los d\u00edas seguramente es mucho mayor. Esa diferencia es la que deber\u00e1n, de alg\u00fan modo, hacerse cargo los actuales due\u00f1os.<br \/>\nSeg\u00fan se pudo establecer, de firmarse los convenios y evaluar algunos costos que tiene que ver con la puesta en marcha y la deuda con el personal y proveedores, el 20 de Octubre se har\u00eda cargo de las acciones en el Centro Asistencial.<br \/>\nSobre ello, Oscar Silva Tesorero del Consejo de Administraci\u00f3n, asever\u00f3: \u00abNos acercaron una propuesta que creemos que es viable\u00bb y ahora que \u00abest\u00e1 definido el tema tarifario\u00bb, \u00abcreemo que no va a ir en retroceso, lo que nos permite comenzar a proyectar un futuro\u00bb.<br \/>\nAl tiempo que agreg\u00f3: \u00abLas charlas est\u00e1n m\u00e1s que avanzada con un principio de acuerdo\u00bb y \u00abel blanqueo trajo muchas posibilidades a quienes en su momento no pagaron los aportes, redujo un poco la deuda\u00bb.<br \/>\nEn tanto que se\u00f1al\u00f3: \u00abEllos est\u00e1n trabajando sobre un acuerdo que no conozco a fondo pero creo que ellos crear\u00edan una sociedad\u00bb, \u00abdonde los accionistas mayoritarios que no son profesionales m\u00e9dicos ceder\u00edan sus acciones a esa sociedad nueva y de esta forma nosotros tendr\u00edamos la posibilidad de seguir adelante\u00bb. Cabe recordar que la propuesta implica que los m\u00e9dicos paguen el resto de la deuda con un porcentaje de lo trabajado en los consultorios.<br \/>\nAl tiempo que confirm\u00f3: \u00abHay una fecha propuesta de apertura del 20 de Octubre\u00bb, sin embargo aclar\u00f3 que una vez firmado el acuerdo se deber\u00e1n hacer algunas tareas en el edificio y tambi\u00e9n depender\u00e1 de todo ello su apertura.<\/p>\n","protected":false},"excerpt":{"rendered":"<p>Tras el fracaso de las negociaciones con el personal, los accionistas de la Cl\u00ednica San Mart\u00edn ha vuelto a retomar las negociaciones con la Coopser. Luego de que trascendiera p\u00fablicamente a trav\u00e9s de los medios de la ciudad que los trabajadores hab\u00edan determinado comenzar acciones legales para poder cobrar la deuda que la empresa mantiene [&hellip;]<\/p>\n","protected":false},"author":4,"featured_media":8487,"comment_status":"open","ping_status":"closed","sticky":false,"template":"","format":"standard","meta":{"om_disable_all_campaigns":false,"_jetpack_memberships_contains_paid_content":false,"footnotes":""},"categories":[50,101,2],"tags":[],"class_list":["post-8486","post","type-post","status-publish","format-standard","has-post-thumbnail","hentry","category-destacadas","category-interes-general-locales","category-locales"],"aioseo_notices":[],"gutentor_comment":0,"jetpack_featured_media_url":"https:\/\/eldiariodesanpedro.com.ar\/sitio\/wp-content\/uploads\/2016\/09\/PAGINA-3-01-5.jpg","jetpack_shortlink":"https:\/\/wp.me\/p6RhLt-2cS","jetpack_sharing_enabled":true,"_links":{"self":[{"href":"https:\/\/eldiariodesanpedro.com.ar\/sitio\/wp-json\/wp\/v2\/posts\/8486","targetHints":{"allow":["GET"]}}],"collection":[{"href":"https:\/\/eldiariodesanpedro.com.ar\/sitio\/wp-json\/wp\/v2\/posts"}],"about":[{"href":"https:\/\/eldiariodesanpedro.com.ar\/sitio\/wp-json\/wp\/v2\/types\/post"}],"author":[{"embeddable":true,"href":"https:\/\/eldiariodesanpedro.com.ar\/sitio\/wp-json\/wp\/v2\/users\/4"}],"replies":[{"embeddable":true,"href":"https:\/\/eldiariodesanpedro.com.ar\/sitio\/wp-json\/wp\/v2\/comments?post=8486"}],"version-history":[{"count":1,"href":"https:\/\/eldiariodesanpedro.com.ar\/sitio\/wp-json\/wp\/v2\/posts\/8486\/revisions"}],"predecessor-version":[{"id":8488,"href":"https:\/\/eldiariodesanpedro.com.ar\/sitio\/wp-json\/wp\/v2\/posts\/8486\/revisions\/8488"}],"wp:featuredmedia":[{"embeddable":true,"href":"https:\/\/eldiariodesanpedro.com.ar\/sitio\/wp-json\/wp\/v2\/media\/8487"}],"wp:attachment":[{"href":"https:\/\/eldiariodesanpedro.com.ar\/sitio\/wp-json\/wp\/v2\/media?parent=8486"}],"wp:term":[{"taxonomy":"category","embeddable":true,"href":"https:\/\/eldiariodesanpedro.com.ar\/sitio\/wp-json\/wp\/v2\/categories?post=8486"},{"taxonomy":"post_tag","embeddable":true,"href":"https:\/\/eldiariodesanpedro.com.ar\/sitio\/wp-json\/wp\/v2\/tags?post=8486"}],"curies":[{"name":"wp","href":"https:\/\/api.w.org\/{rel}","templated":true}]}}