{"id":8484,"date":"2016-09-29T19:05:31","date_gmt":"2016-09-29T22:05:31","guid":{"rendered":"https:\/\/eldiariodesanpedro.com.ar\/sitio\/?p=8484"},"modified":"2016-09-29T19:05:31","modified_gmt":"2016-09-29T22:05:31","slug":"confirman-la-identidad-del-hombre-ahogado-en-ramallo","status":"publish","type":"post","link":"https:\/\/eldiariodesanpedro.com.ar\/sitio\/confirman-la-identidad-del-hombre-ahogado-en-ramallo\/","title":{"rendered":"Confirman la identidad del hombre ahogado en Ramallo"},"content":{"rendered":"<p><!-- VideographyWP Plugin Message: Automatic video embedding prevented by plugin options. --><br \/>\nAlrededor de las 08.00 de este mi\u00e9rcoles, un pescador que navegaba por el canal principal del r\u00edo Paran\u00e1 observ\u00f3 un cuerpo sin vida.  El hallazgo se produjo en el kil\u00f3metro 315. El pescador enseguida dio aviso a la Prefectura Naval.<br \/>\nPersonal de esa dependencia, a bordo de un semirr\u00edgido, se traslad\u00f3 hasta el lugar donde levantaron el cuerpo, que fue llevado hasta la zona del Puerto Ramallo. All\u00ed se hizo presente la ayudante fiscal Dr. Dolores Forno y el personal de Polic\u00eda Cient\u00edfica.<br \/>\nSeg\u00fan se pudo saber, el cuerpo fue identificado por sus familiares en Prefectura Ramallo. Se tratar\u00eda de Carlos Cabrol de 51 a\u00f1os, quien junto a su hijo, Jonahtan Luis Enrique Cabrol, de 22 a\u00f1os era intensamente buscado desde el pasado 3 de septiembre cuando ambos naufragaron, al sur de Rosario, con una embarcaci\u00f3n con motor fuera de borda en la que se desplazaban cerca de la localidad de Alvear.<br \/>\nEl naufragio ocurri\u00f3 alrededor de las 16.00 en el kil\u00f3metro 406, en el brazo del riacho La Brava. Ese d\u00eda hab\u00eda un fuerte oleaje y el bote en el que viajaba el hombre, acompa\u00f1ado por dos de sus hijos y un amigo, se dio vuelta.<br \/>\nLos tripulantes de un velero que navegaba por la zona lograron rescatar a un muchacho y a otra persona, tras lo cual alertaron al personal del destacamento de la Prefectura de Arroyo Seco. De inmediato, se inici\u00f3 un operativo en toda la zona y horas despu\u00e9s unos pescadores hallaron el bote.<\/p>\n","protected":false},"excerpt":{"rendered":"<p>Alrededor de las 08.00 de este mi\u00e9rcoles, un pescador que navegaba por el canal principal del r\u00edo Paran\u00e1 observ\u00f3 un cuerpo sin vida. El hallazgo se produjo en el kil\u00f3metro 315. El pescador enseguida dio aviso a la Prefectura Naval. Personal de esa dependencia, a bordo de un semirr\u00edgido, se traslad\u00f3 hasta el lugar donde [&hellip;]<\/p>\n","protected":false},"author":4,"featured_media":8441,"comment_status":"open","ping_status":"closed","sticky":false,"template":"","format":"standard","meta":{"om_disable_all_campaigns":false,"_jetpack_memberships_contains_paid_content":false,"footnotes":""},"categories":[50,101,2],"tags":[],"class_list":["post-8484","post","type-post","status-publish","format-standard","has-post-thumbnail","hentry","category-destacadas","category-interes-general-locales","category-locales"],"aioseo_notices":[],"gutentor_comment":0,"jetpack_featured_media_url":"https:\/\/eldiariodesanpedro.com.ar\/sitio\/wp-content\/uploads\/2016\/09\/156680421_RIO2013.jpg","jetpack_shortlink":"https:\/\/wp.me\/p6RhLt-2cQ","jetpack_sharing_enabled":true,"_links":{"self":[{"href":"https:\/\/eldiariodesanpedro.com.ar\/sitio\/wp-json\/wp\/v2\/posts\/8484","targetHints":{"allow":["GET"]}}],"collection":[{"href":"https:\/\/eldiariodesanpedro.com.ar\/sitio\/wp-json\/wp\/v2\/posts"}],"about":[{"href":"https:\/\/eldiariodesanpedro.com.ar\/sitio\/wp-json\/wp\/v2\/types\/post"}],"author":[{"embeddable":true,"href":"https:\/\/eldiariodesanpedro.com.ar\/sitio\/wp-json\/wp\/v2\/users\/4"}],"replies":[{"embeddable":true,"href":"https:\/\/eldiariodesanpedro.com.ar\/sitio\/wp-json\/wp\/v2\/comments?post=8484"}],"version-history":[{"count":1,"href":"https:\/\/eldiariodesanpedro.com.ar\/sitio\/wp-json\/wp\/v2\/posts\/8484\/revisions"}],"predecessor-version":[{"id":8485,"href":"https:\/\/eldiariodesanpedro.com.ar\/sitio\/wp-json\/wp\/v2\/posts\/8484\/revisions\/8485"}],"wp:featuredmedia":[{"embeddable":true,"href":"https:\/\/eldiariodesanpedro.com.ar\/sitio\/wp-json\/wp\/v2\/media\/8441"}],"wp:attachment":[{"href":"https:\/\/eldiariodesanpedro.com.ar\/sitio\/wp-json\/wp\/v2\/media?parent=8484"}],"wp:term":[{"taxonomy":"category","embeddable":true,"href":"https:\/\/eldiariodesanpedro.com.ar\/sitio\/wp-json\/wp\/v2\/categories?post=8484"},{"taxonomy":"post_tag","embeddable":true,"href":"https:\/\/eldiariodesanpedro.com.ar\/sitio\/wp-json\/wp\/v2\/tags?post=8484"}],"curies":[{"name":"wp","href":"https:\/\/api.w.org\/{rel}","templated":true}]}}