{"id":84817,"date":"2020-12-22T18:35:20","date_gmt":"2020-12-22T21:35:20","guid":{"rendered":"https:\/\/eldiariodesanpedro.com.ar\/sitio\/?p=84817"},"modified":"2020-12-22T18:35:23","modified_gmt":"2020-12-22T21:35:23","slug":"edicto-de-sucesion-de-irma-susana-martinez","status":"publish","type":"post","link":"https:\/\/eldiariodesanpedro.com.ar\/sitio\/edicto-de-sucesion-de-irma-susana-martinez\/","title":{"rendered":"Edicto de Sucesi\u00f3n de Irma Susana Mart\u00ednez"},"content":{"rendered":"<!-- VideographyWP Plugin Message: Automatic video embedding prevented by plugin options. -->\n\n<p>El Juzgado de Paz Letrado de San Pedro, secretar\u00eda \u00fanica del departamento judicial de San Nicol\u00e1s, cita y emplaza por el t\u00e9rmino de treinta d\u00edas (30) a herederos y acreedores de do\u00f1a <strong>Irma Susana Mart\u00ednez<\/strong>. San Pedro, 15 de diciembre de 2020.-<\/p>\n\n\n\n<p>DR. FACUNDO VELLON <br>ABOGADO SECRETARIO\u00a0<\/p>\n","protected":false},"excerpt":{"rendered":"<p>El Juzgado de Paz Letrado de San Pedro, secretar\u00eda \u00fanica del departamento judicial de San Nicol\u00e1s, cita y emplaza por el t\u00e9rmino de treinta d\u00edas (30) a herederos y acreedores de do\u00f1a Irma Susana Mart\u00ednez. San Pedro, 15 de diciembre de 2020.- DR. FACUNDO VELLON ABOGADO SECRETARIO\u00a0<\/p>\n","protected":false},"author":4,"featured_media":81115,"comment_status":"open","ping_status":"closed","sticky":false,"template":"","format":"standard","meta":{"om_disable_all_campaigns":false,"_jetpack_memberships_contains_paid_content":false,"footnotes":""},"categories":[676,677],"tags":[1121,2012,1355,1122],"class_list":["post-84817","post","type-post","status-publish","format-standard","has-post-thumbnail","hentry","category-edictos","category-edictos-sucesorios","tag-edicto","tag-irma-susana-martinez","tag-judiciales","tag-sucesion"],"aioseo_notices":[],"gutentor_comment":0,"jetpack_featured_media_url":"https:\/\/eldiariodesanpedro.com.ar\/sitio\/wp-content\/uploads\/2020\/09\/Poder-Judicial.jpg","jetpack_shortlink":"https:\/\/wp.me\/p6RhLt-m41","jetpack_sharing_enabled":true,"_links":{"self":[{"href":"https:\/\/eldiariodesanpedro.com.ar\/sitio\/wp-json\/wp\/v2\/posts\/84817","targetHints":{"allow":["GET"]}}],"collection":[{"href":"https:\/\/eldiariodesanpedro.com.ar\/sitio\/wp-json\/wp\/v2\/posts"}],"about":[{"href":"https:\/\/eldiariodesanpedro.com.ar\/sitio\/wp-json\/wp\/v2\/types\/post"}],"author":[{"embeddable":true,"href":"https:\/\/eldiariodesanpedro.com.ar\/sitio\/wp-json\/wp\/v2\/users\/4"}],"replies":[{"embeddable":true,"href":"https:\/\/eldiariodesanpedro.com.ar\/sitio\/wp-json\/wp\/v2\/comments?post=84817"}],"version-history":[{"count":1,"href":"https:\/\/eldiariodesanpedro.com.ar\/sitio\/wp-json\/wp\/v2\/posts\/84817\/revisions"}],"predecessor-version":[{"id":84818,"href":"https:\/\/eldiariodesanpedro.com.ar\/sitio\/wp-json\/wp\/v2\/posts\/84817\/revisions\/84818"}],"wp:featuredmedia":[{"embeddable":true,"href":"https:\/\/eldiariodesanpedro.com.ar\/sitio\/wp-json\/wp\/v2\/media\/81115"}],"wp:attachment":[{"href":"https:\/\/eldiariodesanpedro.com.ar\/sitio\/wp-json\/wp\/v2\/media?parent=84817"}],"wp:term":[{"taxonomy":"category","embeddable":true,"href":"https:\/\/eldiariodesanpedro.com.ar\/sitio\/wp-json\/wp\/v2\/categories?post=84817"},{"taxonomy":"post_tag","embeddable":true,"href":"https:\/\/eldiariodesanpedro.com.ar\/sitio\/wp-json\/wp\/v2\/tags?post=84817"}],"curies":[{"name":"wp","href":"https:\/\/api.w.org\/{rel}","templated":true}]}}