{"id":8481,"date":"2016-09-29T19:03:34","date_gmt":"2016-09-29T22:03:34","guid":{"rendered":"https:\/\/eldiariodesanpedro.com.ar\/sitio\/?p=8481"},"modified":"2016-09-29T19:03:34","modified_gmt":"2016-09-29T22:03:34","slug":"giovanettoni-represento-al-consejo-nacional-de-bomberos-voluntarios-en-roma","status":"publish","type":"post","link":"https:\/\/eldiariodesanpedro.com.ar\/sitio\/giovanettoni-represento-al-consejo-nacional-de-bomberos-voluntarios-en-roma\/","title":{"rendered":"Giovanettoni represent\u00f3 al Consejo Nacional de Bomberos Voluntarios en Roma"},"content":{"rendered":"<p><!-- VideographyWP Plugin Message: Automatic video embedding prevented by plugin options. --><br \/>\nEl sampedrino encabez\u00f3 una delegaci\u00f3n argentina en nombre del Consejo Nacional de Bomberos Voluntarios de la Rep\u00fablica Argentina, en una capacitaci\u00f3n en Roma (Italia), que se llev\u00f3 a cabo del 17 al 27 de septiembre.<br \/>\nEn ese sentido, Giovanettoni explic\u00f3 que estuvo presente junto a otros \u201c20 oficiales de Bomberos de distintas provincias de nuestro pa\u00eds\u201d. Fueron \u201crecibidos en la ciudad de Roma, Italia, en dos centros de entrenamiento\u201d. Y sobre ello, complet\u00f3: \u201cEl primero, llamado Centro Montelibretti, que aloja a 300 bomberos de toda Italia y en donde se llevan a cabo todas las actividades pr\u00e1cticas. El segundo centro, llamado Campanelle, es el centro de entrenamiento para bomberos m\u00e1s grande de Europa con 1200 alojados\u201d.<br \/>\nSeguidamente se\u00f1al\u00f3: \u201cMi misi\u00f3n fue articular con las m\u00e1ximas autoridades pol\u00edticas y bomberiles de dicho pa\u00eds las actividades a desarrollar; fui recibido en visita oficial en el cuartel central de bomberos de Roma; en el comando Nacional de operaciones en el Ministerio del Interior y tuve el honor de visitar el sitio en homenaje a los bomberos ca\u00eddos en servicio, al cual solo acceden autoridades de distintos pa\u00edses\u201d.<br \/>\nAl tiempo, sostuvo: \u201cEl presidente de Italia asiste 3 veces al a\u00f1o a dicho lugar. Por fuera de la actividad oficial junto con la delegaci\u00f3n concurrimos el domingo 25 de septiembre a la plaza San Pedro, donde el Papa Francisco encabez\u00f3 la misa y tuvimos el honor de ser ubicados en un lugar de privilegio ante decenas de miles de personas de todas las latitudes del mundo\u201d.<\/p>\n","protected":false},"excerpt":{"rendered":"<p>El sampedrino encabez\u00f3 una delegaci\u00f3n argentina en nombre del Consejo Nacional de Bomberos Voluntarios de la Rep\u00fablica Argentina, en una capacitaci\u00f3n en Roma (Italia), que se llev\u00f3 a cabo del 17 al 27 de septiembre. En ese sentido, Giovanettoni explic\u00f3 que estuvo presente junto a otros \u201c20 oficiales de Bomberos de distintas provincias de nuestro [&hellip;]<\/p>\n","protected":false},"author":4,"featured_media":8482,"comment_status":"open","ping_status":"closed","sticky":false,"template":"","format":"standard","meta":{"om_disable_all_campaigns":false,"_jetpack_memberships_contains_paid_content":false,"footnotes":""},"categories":[50,101,2],"tags":[],"class_list":["post-8481","post","type-post","status-publish","format-standard","has-post-thumbnail","hentry","category-destacadas","category-interes-general-locales","category-locales"],"aioseo_notices":[],"gutentor_comment":0,"jetpack_featured_media_url":"https:\/\/eldiariodesanpedro.com.ar\/sitio\/wp-content\/uploads\/2016\/09\/PAGINA-4-9.jpg","jetpack_shortlink":"https:\/\/wp.me\/p6RhLt-2cN","jetpack_sharing_enabled":true,"_links":{"self":[{"href":"https:\/\/eldiariodesanpedro.com.ar\/sitio\/wp-json\/wp\/v2\/posts\/8481","targetHints":{"allow":["GET"]}}],"collection":[{"href":"https:\/\/eldiariodesanpedro.com.ar\/sitio\/wp-json\/wp\/v2\/posts"}],"about":[{"href":"https:\/\/eldiariodesanpedro.com.ar\/sitio\/wp-json\/wp\/v2\/types\/post"}],"author":[{"embeddable":true,"href":"https:\/\/eldiariodesanpedro.com.ar\/sitio\/wp-json\/wp\/v2\/users\/4"}],"replies":[{"embeddable":true,"href":"https:\/\/eldiariodesanpedro.com.ar\/sitio\/wp-json\/wp\/v2\/comments?post=8481"}],"version-history":[{"count":1,"href":"https:\/\/eldiariodesanpedro.com.ar\/sitio\/wp-json\/wp\/v2\/posts\/8481\/revisions"}],"predecessor-version":[{"id":8483,"href":"https:\/\/eldiariodesanpedro.com.ar\/sitio\/wp-json\/wp\/v2\/posts\/8481\/revisions\/8483"}],"wp:featuredmedia":[{"embeddable":true,"href":"https:\/\/eldiariodesanpedro.com.ar\/sitio\/wp-json\/wp\/v2\/media\/8482"}],"wp:attachment":[{"href":"https:\/\/eldiariodesanpedro.com.ar\/sitio\/wp-json\/wp\/v2\/media?parent=8481"}],"wp:term":[{"taxonomy":"category","embeddable":true,"href":"https:\/\/eldiariodesanpedro.com.ar\/sitio\/wp-json\/wp\/v2\/categories?post=8481"},{"taxonomy":"post_tag","embeddable":true,"href":"https:\/\/eldiariodesanpedro.com.ar\/sitio\/wp-json\/wp\/v2\/tags?post=8481"}],"curies":[{"name":"wp","href":"https:\/\/api.w.org\/{rel}","templated":true}]}}