{"id":84807,"date":"2020-12-22T10:07:28","date_gmt":"2020-12-22T13:07:28","guid":{"rendered":"https:\/\/eldiariodesanpedro.com.ar\/sitio\/?p=84807"},"modified":"2020-12-22T10:07:32","modified_gmt":"2020-12-22T13:07:32","slug":"en-la-manana-de-hoy-martes-se-recibieron-10-positivos-y-7-negativos-son-40-los-activos","status":"publish","type":"post","link":"https:\/\/eldiariodesanpedro.com.ar\/sitio\/en-la-manana-de-hoy-martes-se-recibieron-10-positivos-y-7-negativos-son-40-los-activos\/","title":{"rendered":"En la ma\u00f1ana de hoy martes se recibieron 10 positivos y 7 negativos, son 40 los activos"},"content":{"rendered":"<!-- VideographyWP Plugin Message: Automatic video embedding prevented by plugin options. -->\n\n<p>La Secretar\u00eda de Salud de la Municipalidad de San Pedro informa los resultados recibidos durante la noche correspondientes a las muestras que se encontraban pendientes y que fueron enviadas ayer por la ma\u00f1ana en el seguimiento de la Pandemia de Covid-19.<br>Como anticipo del resumen general de cada jornada compartimos esta informaci\u00f3n:<br>Se recibieron 17 resultados de los ex\u00e1menes enviados, con <em>7 negativos y 10 positivos<\/em> que corresponden a mujeres de 21, 26, 32, 41, 46 y 62 a\u00f1os; y hombres de 25, 44, 61 y 66 a\u00f1os.<br>Por la noche, como es habitual, brindaremos el resumen total de actualizaci\u00f3n.<\/p>\n\n\n\n<p><em>Resumen actualizado de informaci\u00f3n oficial<\/em><br>Positivos desde el inicio de la Pandemia: 1778<br>Activos: 40<br>Recuperados: 1689<br>Fallecidos: 59<br>\u00daltimo env\u00edo de muestras: 0<br>Muestras pendientes: 0<br>Negativos desde el inicio de la Pandemia: 2398<br>Los datos consignados en este informe corresponden a ex\u00e1menes realizados por PCR.<\/p>\n\n\n\n<p>&#x1f449; Usar tapabocas.<br>&#x1f449; Mantener la distancia m\u00ednima de 2 metros.<br>&#x1f449; Extremar la higiene de los espacios.<br>&#x1f449; Mantener las manos limpias.<\/p>\n\n\n\n<p><em>Se recuerda que, ante s\u00edntomas de tos seca, fiebre y dolor de garganta y la probabilidad de haber estado en contacto con enfermos o viajeros llegados desde las zonas transmisi\u00f3n local o comunitaria se puede llamar al 148 o 107.<\/em><\/p>\n","protected":false},"excerpt":{"rendered":"<p>La Secretar\u00eda de Salud de la Municipalidad de San Pedro informa los resultados recibidos durante la noche correspondientes a las muestras que se encontraban pendientes y que fueron enviadas ayer por la ma\u00f1ana en el seguimiento de la Pandemia de Covid-19.Como anticipo del resumen general de cada jornada compartimos esta informaci\u00f3n:Se recibieron 17 resultados de [&hellip;]<\/p>\n","protected":false},"author":4,"featured_media":78535,"comment_status":"open","ping_status":"closed","sticky":false,"template":"","format":"standard","meta":{"om_disable_all_campaigns":false,"_jetpack_memberships_contains_paid_content":false,"footnotes":""},"categories":[2],"tags":[],"class_list":["post-84807","post","type-post","status-publish","format-standard","has-post-thumbnail","hentry","category-locales"],"aioseo_notices":[],"gutentor_comment":0,"jetpack_featured_media_url":"https:\/\/eldiariodesanpedro.com.ar\/sitio\/wp-content\/uploads\/2020\/07\/361782464_0-13_20200515041506-kz3H-AT2GRS9VWJUWLRLY-992x558@LaVanguardia-Web.jpg","jetpack_shortlink":"https:\/\/wp.me\/p6RhLt-m3R","jetpack_sharing_enabled":true,"_links":{"self":[{"href":"https:\/\/eldiariodesanpedro.com.ar\/sitio\/wp-json\/wp\/v2\/posts\/84807","targetHints":{"allow":["GET"]}}],"collection":[{"href":"https:\/\/eldiariodesanpedro.com.ar\/sitio\/wp-json\/wp\/v2\/posts"}],"about":[{"href":"https:\/\/eldiariodesanpedro.com.ar\/sitio\/wp-json\/wp\/v2\/types\/post"}],"author":[{"embeddable":true,"href":"https:\/\/eldiariodesanpedro.com.ar\/sitio\/wp-json\/wp\/v2\/users\/4"}],"replies":[{"embeddable":true,"href":"https:\/\/eldiariodesanpedro.com.ar\/sitio\/wp-json\/wp\/v2\/comments?post=84807"}],"version-history":[{"count":1,"href":"https:\/\/eldiariodesanpedro.com.ar\/sitio\/wp-json\/wp\/v2\/posts\/84807\/revisions"}],"predecessor-version":[{"id":84808,"href":"https:\/\/eldiariodesanpedro.com.ar\/sitio\/wp-json\/wp\/v2\/posts\/84807\/revisions\/84808"}],"wp:featuredmedia":[{"embeddable":true,"href":"https:\/\/eldiariodesanpedro.com.ar\/sitio\/wp-json\/wp\/v2\/media\/78535"}],"wp:attachment":[{"href":"https:\/\/eldiariodesanpedro.com.ar\/sitio\/wp-json\/wp\/v2\/media?parent=84807"}],"wp:term":[{"taxonomy":"category","embeddable":true,"href":"https:\/\/eldiariodesanpedro.com.ar\/sitio\/wp-json\/wp\/v2\/categories?post=84807"},{"taxonomy":"post_tag","embeddable":true,"href":"https:\/\/eldiariodesanpedro.com.ar\/sitio\/wp-json\/wp\/v2\/tags?post=84807"}],"curies":[{"name":"wp","href":"https:\/\/api.w.org\/{rel}","templated":true}]}}