{"id":84805,"date":"2020-12-22T09:58:56","date_gmt":"2020-12-22T12:58:56","guid":{"rendered":"https:\/\/eldiariodesanpedro.com.ar\/sitio\/?p=84805"},"modified":"2020-12-22T09:58:56","modified_gmt":"2020-12-22T12:58:56","slug":"aprehendidos-por-tenencia-de-estupefacientes-y-armas-blancas","status":"publish","type":"post","link":"https:\/\/eldiariodesanpedro.com.ar\/sitio\/aprehendidos-por-tenencia-de-estupefacientes-y-armas-blancas\/","title":{"rendered":"Aprehendidos por tenencia de estupefacientes y armas blancas"},"content":{"rendered":"<!-- VideographyWP Plugin Message: Automatic video embedding prevented by plugin options. -->\n\n<p>La polic\u00eda de nuestra ciudad realiz\u00f3 varias intervenciones en la v\u00eda p\u00fablica para la aprehensi\u00f3n de personas que violentaron c\u00f3digos contravencionales..<\/p>\n\n\n\n<p>En distintos procedimientos policiales realizados en el dia de ayer, se secuestr\u00f3 en poder de un masculino mayor de edad, sustancia marihuana \u00ednfimo peaje, libr\u00e1ndose actuaciones con intervenci\u00f3n de la justicia local.&nbsp;<\/p>\n\n\n\n<p>En otros se procedi\u00f3 al secuestro de armas blancas en poder de masculinos mayores de edad en distintos puntos de la ciudad, libr\u00e1ndose actuaciones contravencionales con intervenci\u00f3n de la justicia contravencional local.<\/p>\n\n\n\n<p>En cada caso las personas tras ser informadas de la imputaci\u00f3n fueron puesto en libertad.<\/p>\n","protected":false},"excerpt":{"rendered":"<p>La polic\u00eda de nuestra ciudad realiz\u00f3 varias intervenciones en la v\u00eda p\u00fablica para la aprehensi\u00f3n de personas que violentaron c\u00f3digos contravencionales.. En distintos procedimientos policiales realizados en el dia de ayer, se secuestr\u00f3 en poder de un masculino mayor de edad, sustancia marihuana \u00ednfimo peaje, libr\u00e1ndose actuaciones con intervenci\u00f3n de la justicia local.&nbsp; En otros [&hellip;]<\/p>\n","protected":false},"author":4,"featured_media":76955,"comment_status":"open","ping_status":"closed","sticky":false,"template":"","format":"standard","meta":{"om_disable_all_campaigns":false,"_jetpack_memberships_contains_paid_content":false,"footnotes":""},"categories":[2,103],"tags":[2009,33,95],"class_list":["post-84805","post","type-post","status-publish","format-standard","has-post-thumbnail","hentry","category-locales","category-policiales-locales","tag-aprehendidos-por-tenencia-de-estupefacientes-y-armas-blancas","tag-locales","tag-policiales"],"aioseo_notices":[],"gutentor_comment":0,"jetpack_featured_media_url":"https:\/\/eldiariodesanpedro.com.ar\/sitio\/wp-content\/uploads\/2020\/06\/detenido-esposado.jpg","jetpack_shortlink":"https:\/\/wp.me\/p6RhLt-m3P","jetpack_sharing_enabled":true,"_links":{"self":[{"href":"https:\/\/eldiariodesanpedro.com.ar\/sitio\/wp-json\/wp\/v2\/posts\/84805","targetHints":{"allow":["GET"]}}],"collection":[{"href":"https:\/\/eldiariodesanpedro.com.ar\/sitio\/wp-json\/wp\/v2\/posts"}],"about":[{"href":"https:\/\/eldiariodesanpedro.com.ar\/sitio\/wp-json\/wp\/v2\/types\/post"}],"author":[{"embeddable":true,"href":"https:\/\/eldiariodesanpedro.com.ar\/sitio\/wp-json\/wp\/v2\/users\/4"}],"replies":[{"embeddable":true,"href":"https:\/\/eldiariodesanpedro.com.ar\/sitio\/wp-json\/wp\/v2\/comments?post=84805"}],"version-history":[{"count":1,"href":"https:\/\/eldiariodesanpedro.com.ar\/sitio\/wp-json\/wp\/v2\/posts\/84805\/revisions"}],"predecessor-version":[{"id":84806,"href":"https:\/\/eldiariodesanpedro.com.ar\/sitio\/wp-json\/wp\/v2\/posts\/84805\/revisions\/84806"}],"wp:featuredmedia":[{"embeddable":true,"href":"https:\/\/eldiariodesanpedro.com.ar\/sitio\/wp-json\/wp\/v2\/media\/76955"}],"wp:attachment":[{"href":"https:\/\/eldiariodesanpedro.com.ar\/sitio\/wp-json\/wp\/v2\/media?parent=84805"}],"wp:term":[{"taxonomy":"category","embeddable":true,"href":"https:\/\/eldiariodesanpedro.com.ar\/sitio\/wp-json\/wp\/v2\/categories?post=84805"},{"taxonomy":"post_tag","embeddable":true,"href":"https:\/\/eldiariodesanpedro.com.ar\/sitio\/wp-json\/wp\/v2\/tags?post=84805"}],"curies":[{"name":"wp","href":"https:\/\/api.w.org\/{rel}","templated":true}]}}