{"id":84803,"date":"2020-12-22T10:16:59","date_gmt":"2020-12-22T13:16:59","guid":{"rendered":"https:\/\/eldiariodesanpedro.com.ar\/sitio\/?p=84803"},"modified":"2020-12-22T10:17:04","modified_gmt":"2020-12-22T13:17:04","slug":"la-policia-encontro-una-moto-robada","status":"publish","type":"post","link":"https:\/\/eldiariodesanpedro.com.ar\/sitio\/la-policia-encontro-una-moto-robada\/","title":{"rendered":"La polic\u00eda encontr\u00f3 una moto robada"},"content":{"rendered":"<!-- VideographyWP Plugin Message: Automatic video embedding prevented by plugin options. -->\n\n<p>En la madrugada de hoy, la polic\u00eda de la comisar\u00eda alertada, procedi\u00f3 al secuestro de una motocicleta de alta cilindrada, en un bald\u00edo de calle pedro cabrera&nbsp; al 2200 de esta ciudad, oculta entre las malezas.&nbsp;<\/p>\n\n\n\n<p>La misma hab\u00eda sido denunciada como sustra\u00edda en la ma\u00f1ana de ayer, cuando momentos antes un joven de 20 a\u00f1os, constat\u00f3 el faltante de la misma, en circunstancias la hab\u00eda dejado estacionada en su domicilio de Manuel Iglesias al 2400.<\/p>\n\n\n\n<p>La v\u00edctima reconoci\u00f3 su rodado, estando a la espera de su restituci\u00f3n por parte de la justicia local. se procura la autor\u00eda y detenci\u00f3n de o los mismos.<\/p>\n","protected":false},"excerpt":{"rendered":"<p>En la madrugada de hoy, la polic\u00eda de la comisar\u00eda alertada, procedi\u00f3 al secuestro de una motocicleta de alta cilindrada, en un bald\u00edo de calle pedro cabrera&nbsp; al 2200 de esta ciudad, oculta entre las malezas.&nbsp; La misma hab\u00eda sido denunciada como sustra\u00edda en la ma\u00f1ana de ayer, cuando momentos antes un joven de 20 [&hellip;]<\/p>\n","protected":false},"author":4,"featured_media":84810,"comment_status":"open","ping_status":"closed","sticky":false,"template":"","format":"standard","meta":{"om_disable_all_campaigns":false,"_jetpack_memberships_contains_paid_content":false,"footnotes":""},"categories":[2,103],"tags":[197,2008,33,95],"class_list":["post-84803","post","type-post","status-publish","format-standard","has-post-thumbnail","hentry","category-locales","category-policiales-locales","tag-buenos-aires","tag-la-policia-encontro-una-moto-robada","tag-locales","tag-policiales"],"aioseo_notices":[],"gutentor_comment":0,"jetpack_featured_media_url":"https:\/\/eldiariodesanpedro.com.ar\/sitio\/wp-content\/uploads\/2020\/12\/132622224_209418524249637_7828229459531881398_n.jpg","jetpack_shortlink":"https:\/\/wp.me\/p6RhLt-m3N","jetpack_sharing_enabled":true,"_links":{"self":[{"href":"https:\/\/eldiariodesanpedro.com.ar\/sitio\/wp-json\/wp\/v2\/posts\/84803","targetHints":{"allow":["GET"]}}],"collection":[{"href":"https:\/\/eldiariodesanpedro.com.ar\/sitio\/wp-json\/wp\/v2\/posts"}],"about":[{"href":"https:\/\/eldiariodesanpedro.com.ar\/sitio\/wp-json\/wp\/v2\/types\/post"}],"author":[{"embeddable":true,"href":"https:\/\/eldiariodesanpedro.com.ar\/sitio\/wp-json\/wp\/v2\/users\/4"}],"replies":[{"embeddable":true,"href":"https:\/\/eldiariodesanpedro.com.ar\/sitio\/wp-json\/wp\/v2\/comments?post=84803"}],"version-history":[{"count":1,"href":"https:\/\/eldiariodesanpedro.com.ar\/sitio\/wp-json\/wp\/v2\/posts\/84803\/revisions"}],"predecessor-version":[{"id":84804,"href":"https:\/\/eldiariodesanpedro.com.ar\/sitio\/wp-json\/wp\/v2\/posts\/84803\/revisions\/84804"}],"wp:featuredmedia":[{"embeddable":true,"href":"https:\/\/eldiariodesanpedro.com.ar\/sitio\/wp-json\/wp\/v2\/media\/84810"}],"wp:attachment":[{"href":"https:\/\/eldiariodesanpedro.com.ar\/sitio\/wp-json\/wp\/v2\/media?parent=84803"}],"wp:term":[{"taxonomy":"category","embeddable":true,"href":"https:\/\/eldiariodesanpedro.com.ar\/sitio\/wp-json\/wp\/v2\/categories?post=84803"},{"taxonomy":"post_tag","embeddable":true,"href":"https:\/\/eldiariodesanpedro.com.ar\/sitio\/wp-json\/wp\/v2\/tags?post=84803"}],"curies":[{"name":"wp","href":"https:\/\/api.w.org\/{rel}","templated":true}]}}