{"id":84795,"date":"2020-12-22T09:31:42","date_gmt":"2020-12-22T12:31:42","guid":{"rendered":"https:\/\/eldiariodesanpedro.com.ar\/sitio\/?p=84795"},"modified":"2020-12-22T09:31:46","modified_gmt":"2020-12-22T12:31:46","slug":"impactante-descubrimiento-confirma-un-evento-climatico-catastrofico-descrito-por-darwin-en-su-viaje-al-rio-de-la-plata","status":"publish","type":"post","link":"https:\/\/eldiariodesanpedro.com.ar\/sitio\/impactante-descubrimiento-confirma-un-evento-climatico-catastrofico-descrito-por-darwin-en-su-viaje-al-rio-de-la-plata\/","title":{"rendered":"Impactante descubrimiento confirma un evento clim\u00e1tico catastr\u00f3fico descrito por Darwin en su viaje al R\u00edo de la Plata"},"content":{"rendered":"<!-- VideographyWP Plugin Message: Automatic video embedding prevented by plugin options. -->\n\n<p><strong>Son restos de cientos de caballos muertos por la falta de agua durante la \u201cGRAN SECA\u201d, un cambio en el clima que afect\u00f3 a la regi\u00f3n pampeana hace 200 a\u00f1os. El hecho fue registrado en San Pedro, a 180 km de Bs As.<\/strong><\/p>\n\n\n\n<p>Desde el a\u00f1o 1550 hasta 1850, aproximadamente, el mundo vivi\u00f3 un per\u00edodo conocido como \u201c<em>Peque\u00f1a Edad de Hielo<\/em>\u201d, un lapso de tiempo que, en la regi\u00f3n central de Argentina, se manifest\u00f3 con condiciones generales m\u00e1s \u00e1ridas que las actuales, alternadas con grandes inundaciones.<\/p>\n\n\n\n<p>En ese contexto, en los a\u00f1os comprendidos entre <strong>1827 y 1832<\/strong> la regi\u00f3n padeci\u00f3 una tremenda escasez de agua que provoc\u00f3 la muerte de millares de animales que se acercaban desesperados a los r\u00edos y arroyos de la zona. Estos a\u00f1os quedaron en la historia con el nombre de&nbsp; la \u201c<strong>Gran Seca<\/strong>\u201d, un evento catastr\u00f3fico registrado por <strong>Charles Darwin<\/strong> en su libro de viaje.<\/p>\n\n\n\n<p>En la localidad de Doyle, partido de San Pedro, el Museo Paleontol\u00f3gico \u201cFray Manuel de Torres\u201d acaba de hallar <strong>centenares de caballos<\/strong> que perecieron en aquel desastre clim\u00e1tico.<\/p>\n\n\n\n<p><strong><u>DARWIN Y SU RELATO<\/u><\/strong><\/p>\n\n\n\n<p>Al navegar las aguas del Paran\u00e1, frente a San Pedro, Charles Darwin plasm\u00f3 testimonios desoladores de aquel per\u00edodo de sequ\u00eda en su \u00ab<strong><em>Diario del viaje de un naturalista alrededor del mundo<\/em><\/strong>\u00ab. En sus p\u00e1ginas escribi\u00f3: \u00ab<em>El per\u00edodo comprendido entre los a\u00f1os 1827 y 1832 se llama el `gran seco` o la gran sequ\u00eda. Durante ese tiempo fue tan escasa la lluvia ca\u00edda, que no creci\u00f3 ninguna planta, ni siquiera cardos; los arroyos se secaron, y todo el pa\u00eds tom\u00f3 el aspecto de un polvoriento camino carretero. As\u00ed ocurri\u00f3 especialmente en la parte septentrional de la provincia de Buenos Aires y meridional de Santa Fe. Pereci\u00f3 un gran n\u00famero de aves, animales<\/em>&nbsp;<em>silvestres, ganado vacuno y caballar por falta de alimento y agua. Un hombre me dijo que los ciervos sol\u00edan meterse en su corral a buscar la poza que se vio obligado a cavar para proveer de agua a su familia y que las perdices apenas ten\u00edan fuerza para huir volando cuando se las persegu\u00eda. El c\u00e1lculo m\u00e1s bajo supone que se perdieron s\u00f3lo en la provincia de Buenos Aires un mill\u00f3n de cabezas<\/em>.<\/p>\n\n\n\n<p><em>Un testigo de vista me refiri\u00f3 que el ganado vacuno, en reba\u00f1os de millares, se precipit\u00f3 en el Paran\u00e1, y, exhausto por el hambre como estaba, no pudo encaramarse a los bancos de cieno, y as\u00ed, pereci\u00f3 ahogado. El brazo del r\u00edo que corre junto a San Pedro estaba tan lleno de cad\u00e1veres en putrefacci\u00f3n, que, seg\u00fan me dijo el patr\u00f3n de un barco, el hedor le hac\u00eda de todo punto infranqueable. Indudablemente, varios cientos de miles de animales perecieron as\u00ed en el r\u00edo\u2026\u201d<\/em><\/p>\n\n\n\n<p><em><strong><u>UN HALLAZGO INCRE\u00cdBLE<\/u><\/strong><\/em><em><\/em><\/p>\n\n\n\n<p><em><strong>Roberto Steiven, Ricardo Pereyra<\/strong><\/em><em> y <strong>Bibiana Ferreyra<\/strong> cumplen tareas en <strong>Estancia \u201cLa Paz\u201d<\/strong>, propiedad de la familia <strong>Carneiro Andrade<\/strong>, a pocos kil\u00f3metros de la localidad de <strong>Doyle<\/strong>. El campo donde se desarrollan sus d\u00edas est\u00e1 ubicado sobre la margen izquierda del r\u00edo Arrecifes y fue all\u00ed donde observaron algo que llam\u00f3 su atenci\u00f3n.<\/em><em><\/em><\/p>\n\n\n\n<p><em>Con la gran bajante de estos meses y las pocas lluvias ca\u00eddas, divisaron en un sector de las barrancas del r\u00edo una extra\u00f1a acumulaci\u00f3n de huesos de animales. Asombrados, decidieron ponerse en contacto con el Museo Paleontol\u00f3gico de San Pedro. Un equipo formado por <strong>Jos\u00e9 Luis Aguilar, Julio Simonini, Mat\u00edas Swistun y Walter y Mariano Parra<\/strong>, no tard\u00f3 en llegar al lugar. La sorpresa fue grande\u2026<\/em><em><\/em><\/p>\n\n\n\n<p><em>Seg\u00fan palabras de Aguilar, Director del Museo de San Pedro, \u201cobservamos un sector de unos <strong>130 metros de largo,<\/strong> con un espesor de unos 80 cm, donde <strong>afloraban cientos de huesos de caballos<\/strong>. En esa masa de piezas \u00f3seas hab\u00eda ejemplares de diferentes edades y tama\u00f1os. Unos arriba de los otros en un espect\u00e1culo ca\u00f3tico que revelaba una muerte abrumadora. No observamos un patr\u00f3n definido en la disposici\u00f3n de los huesos. Tampoco se\u00f1ales de depredaci\u00f3n ni ataque alguno. S\u00f3lo era una enorme cantidad de huesos amontonados a lo largo de decenas de metros en la barranca del r\u00edo. Como si esos animales se hubieran pisoteados unos a otros en un tremendo frenes\u00ed por llegar al r\u00edo.<\/em><\/p>\n\n\n\n<p><em>Al principio pensamos que pod\u00eda ser una acumulaci\u00f3n sucedida a comienzos del Holoceno, en el momento de extinci\u00f3n de los caballos en Sudam\u00e9rica. Pero el hallazgo de una pezu\u00f1a de oveja y un molar de vaca en las inmediaciones de los restos de caballos nos llev\u00f3 a considerar una antig\u00fcedad m\u00e1s `colonial` de los animales. Repensando el tema dimos con el relato de Darwin y eso nos cambi\u00f3 la mirada hacia aquel desastre clim\u00e1tico. La asociaci\u00f3n de animales encontrados y el estado de preservaci\u00f3n ubica a estos restos en un per\u00edodo moderno. No son f\u00f3siles sino hist\u00f3ricos. Y la `Gran Seca` es el \u00fanico acontecimiento natural que nos puede explicar semejante mortandad en un solo lugar. &nbsp;<\/em><\/p>\n\n\n\n<p><em>En el Museo de San Pedro planeamos montar uno de estos caballos en una de las salas para concientizar sobre el peligro que conlleva el deterioro del ambiente y la indiferencia ante las se\u00f1ales que nos env\u00eda el planeta.\u201d<\/em><em><\/em><\/p>\n\n\n\n<p><em>Este hallazgo, junto a otro realizado por cient\u00edficos del Museo de La Plata en Chascom\u00fas, en 2008, <strong>son los dos registros de mayor envergadura detectados hasta hoy<\/strong>, que avalan las narraciones escritas por Darwin en su diario de viaje.<\/em><em><\/em><\/p>\n\n\n\n<p><em>Al respecto, el <strong>Dr. Eduardo Tonni<\/strong>, Profesor Em\u00e9rito de la UNLP y Jefe de la Divisi\u00f3n Paleontolog\u00eda de Vertebrados del Museo platense, opina que \u201c<\/em><em>la \u2018Gran Seca\u2019 a la que se refiere Darwin se desarroll\u00f3 en el marco de la Peque\u00f1a Edad de Hielo, que se manifest\u00f3 fuertemente en la regi\u00f3n pampeana durante los siglos XVIII y XIX, con una aridez predominante. Sin embargo, durante este per\u00edodo se registraron tambi\u00e9n en la regi\u00f3n episodios de grandes inundaciones que alternaron con los eventos secos preponderantes. Este y otros eventos desarrollados en el \u00faltimo milenio, se\u00f1alan que el cambio clim\u00e1tico siempre estuvo presente, independientemente de la responsabilidad del hombre en la era industrial.<\/em><\/p>\n\n\n\n<p><em>Un nuevo cambio clim\u00e1tico se est\u00e1 produciendo y deben buscarse formas de adaptaci\u00f3n a estas circunstancias. La tendencia catastrofista a exagerar las consecuencias del cambio clim\u00e1tico y de la responsabilidad del hombre en ese cambio, es el resultado del sistema actual de circulaci\u00f3n de la informaci\u00f3n, donde \u00e9sta no se correlaciona positivamente con la capacidad del receptor para recibirla, y en ocasiones con la capacidad de quien la trasmite.<\/em><\/p>\n\n\n\n<p><img decoding=\"async\" width=\"767\" height=\"452\" src=\"\" alt=\"IMG_20201208_095916 (1).jpg\"><em>En suma, el cambio clim\u00e1tico est\u00e1 entre nosotros y contamos con mucha m\u00e1s informaci\u00f3n y tecnolog\u00eda que nuestros ancestros para enfrentarlo con responsabilidad y eficiencia<\/em>\u201d.<\/p>\n\n\n\n<figure class=\"wp-block-image size-large\"><img decoding=\"async\" width=\"1024\" height=\"576\" data-attachment-id=\"84796\" data-permalink=\"https:\/\/eldiariodesanpedro.com.ar\/sitio\/impactante-descubrimiento-confirma-un-evento-climatico-catastrofico-descrito-por-darwin-en-su-viaje-al-rio-de-la-plata\/img_20201208_100606\/\" data-orig-file=\"https:\/\/eldiariodesanpedro.com.ar\/sitio\/wp-content\/uploads\/2020\/12\/IMG_20201208_100606-scaled.jpg\" data-orig-size=\"2560,1440\" data-comments-opened=\"1\" data-image-meta=\"{&quot;aperture&quot;:&quot;2&quot;,&quot;credit&quot;:&quot;&quot;,&quot;camera&quot;:&quot;LG-X230&quot;,&quot;caption&quot;:&quot;&quot;,&quot;created_timestamp&quot;:&quot;1607421966&quot;,&quot;copyright&quot;:&quot;&quot;,&quot;focal_length&quot;:&quot;3.5&quot;,&quot;iso&quot;:&quot;127&quot;,&quot;shutter_speed&quot;:&quot;0.000489&quot;,&quot;title&quot;:&quot;&quot;,&quot;orientation&quot;:&quot;1&quot;}\" data-image-title=\"IMG_20201208_100606\" data-image-description=\"\" data-image-caption=\"\" data-large-file=\"https:\/\/eldiariodesanpedro.com.ar\/sitio\/wp-content\/uploads\/2020\/12\/IMG_20201208_100606-1024x576.jpg\" data-src=\"https:\/\/eldiariodesanpedro.com.ar\/sitio\/wp-content\/uploads\/2020\/12\/IMG_20201208_100606-1024x576.jpg\" alt=\"\" class=\"wp-image-84796 lazyload\" data-srcset=\"https:\/\/eldiariodesanpedro.com.ar\/sitio\/wp-content\/uploads\/2020\/12\/IMG_20201208_100606-1024x576.jpg 1024w, https:\/\/eldiariodesanpedro.com.ar\/sitio\/wp-content\/uploads\/2020\/12\/IMG_20201208_100606-300x169.jpg 300w, https:\/\/eldiariodesanpedro.com.ar\/sitio\/wp-content\/uploads\/2020\/12\/IMG_20201208_100606-768x432.jpg 768w, https:\/\/eldiariodesanpedro.com.ar\/sitio\/wp-content\/uploads\/2020\/12\/IMG_20201208_100606-1536x864.jpg 1536w, https:\/\/eldiariodesanpedro.com.ar\/sitio\/wp-content\/uploads\/2020\/12\/IMG_20201208_100606-2048x1152.jpg 2048w, https:\/\/eldiariodesanpedro.com.ar\/sitio\/wp-content\/uploads\/2020\/12\/IMG_20201208_100606-800x450.jpg 800w\" data-sizes=\"(max-width: 1024px) 100vw, 1024px\" src=\"data:image\/svg+xml;base64,PHN2ZyB3aWR0aD0iMSIgaGVpZ2h0PSIxIiB4bWxucz0iaHR0cDovL3d3dy53My5vcmcvMjAwMC9zdmciPjwvc3ZnPg==\" style=\"--smush-placeholder-width: 1024px; --smush-placeholder-aspect-ratio: 1024\/576;\" \/><\/figure>\n\n\n\n<figure class=\"wp-block-image size-large\"><img decoding=\"async\" width=\"1024\" height=\"576\" data-attachment-id=\"84799\" data-permalink=\"https:\/\/eldiariodesanpedro.com.ar\/sitio\/impactante-descubrimiento-confirma-un-evento-climatico-catastrofico-descrito-por-darwin-en-su-viaje-al-rio-de-la-plata\/img_20201208_132314\/\" data-orig-file=\"https:\/\/eldiariodesanpedro.com.ar\/sitio\/wp-content\/uploads\/2020\/12\/IMG_20201208_132314-scaled.jpg\" data-orig-size=\"2560,1440\" data-comments-opened=\"1\" data-image-meta=\"{&quot;aperture&quot;:&quot;2&quot;,&quot;credit&quot;:&quot;&quot;,&quot;camera&quot;:&quot;LG-X230&quot;,&quot;caption&quot;:&quot;&quot;,&quot;created_timestamp&quot;:&quot;1607433795&quot;,&quot;copyright&quot;:&quot;&quot;,&quot;focal_length&quot;:&quot;3.5&quot;,&quot;iso&quot;:&quot;127&quot;,&quot;shutter_speed&quot;:&quot;0.000581&quot;,&quot;title&quot;:&quot;&quot;,&quot;orientation&quot;:&quot;1&quot;}\" data-image-title=\"IMG_20201208_132314\" data-image-description=\"\" data-image-caption=\"\" data-large-file=\"https:\/\/eldiariodesanpedro.com.ar\/sitio\/wp-content\/uploads\/2020\/12\/IMG_20201208_132314-1024x576.jpg\" data-src=\"https:\/\/eldiariodesanpedro.com.ar\/sitio\/wp-content\/uploads\/2020\/12\/IMG_20201208_132314-1024x576.jpg\" alt=\"\" class=\"wp-image-84799 lazyload\" data-srcset=\"https:\/\/eldiariodesanpedro.com.ar\/sitio\/wp-content\/uploads\/2020\/12\/IMG_20201208_132314-1024x576.jpg 1024w, https:\/\/eldiariodesanpedro.com.ar\/sitio\/wp-content\/uploads\/2020\/12\/IMG_20201208_132314-300x169.jpg 300w, https:\/\/eldiariodesanpedro.com.ar\/sitio\/wp-content\/uploads\/2020\/12\/IMG_20201208_132314-768x432.jpg 768w, https:\/\/eldiariodesanpedro.com.ar\/sitio\/wp-content\/uploads\/2020\/12\/IMG_20201208_132314-1536x864.jpg 1536w, https:\/\/eldiariodesanpedro.com.ar\/sitio\/wp-content\/uploads\/2020\/12\/IMG_20201208_132314-2048x1152.jpg 2048w, https:\/\/eldiariodesanpedro.com.ar\/sitio\/wp-content\/uploads\/2020\/12\/IMG_20201208_132314-800x450.jpg 800w\" data-sizes=\"(max-width: 1024px) 100vw, 1024px\" src=\"data:image\/svg+xml;base64,PHN2ZyB3aWR0aD0iMSIgaGVpZ2h0PSIxIiB4bWxucz0iaHR0cDovL3d3dy53My5vcmcvMjAwMC9zdmciPjwvc3ZnPg==\" style=\"--smush-placeholder-width: 1024px; --smush-placeholder-aspect-ratio: 1024\/576;\" \/><\/figure>\n\n\n\n<figure class=\"wp-block-image size-large\"><img decoding=\"async\" width=\"1024\" height=\"576\" data-attachment-id=\"84798\" data-permalink=\"https:\/\/eldiariodesanpedro.com.ar\/sitio\/impactante-descubrimiento-confirma-un-evento-climatico-catastrofico-descrito-por-darwin-en-su-viaje-al-rio-de-la-plata\/img_20201208_100728\/\" data-orig-file=\"https:\/\/eldiariodesanpedro.com.ar\/sitio\/wp-content\/uploads\/2020\/12\/IMG_20201208_100728-scaled.jpg\" data-orig-size=\"2560,1440\" data-comments-opened=\"1\" data-image-meta=\"{&quot;aperture&quot;:&quot;2&quot;,&quot;credit&quot;:&quot;&quot;,&quot;camera&quot;:&quot;LG-X230&quot;,&quot;caption&quot;:&quot;&quot;,&quot;created_timestamp&quot;:&quot;1607422048&quot;,&quot;copyright&quot;:&quot;&quot;,&quot;focal_length&quot;:&quot;3.5&quot;,&quot;iso&quot;:&quot;130&quot;,&quot;shutter_speed&quot;:&quot;0.000673&quot;,&quot;title&quot;:&quot;&quot;,&quot;orientation&quot;:&quot;1&quot;}\" data-image-title=\"IMG_20201208_100728\" data-image-description=\"\" data-image-caption=\"\" data-large-file=\"https:\/\/eldiariodesanpedro.com.ar\/sitio\/wp-content\/uploads\/2020\/12\/IMG_20201208_100728-1024x576.jpg\" data-src=\"https:\/\/eldiariodesanpedro.com.ar\/sitio\/wp-content\/uploads\/2020\/12\/IMG_20201208_100728-1024x576.jpg\" alt=\"\" class=\"wp-image-84798 lazyload\" data-srcset=\"https:\/\/eldiariodesanpedro.com.ar\/sitio\/wp-content\/uploads\/2020\/12\/IMG_20201208_100728-1024x576.jpg 1024w, https:\/\/eldiariodesanpedro.com.ar\/sitio\/wp-content\/uploads\/2020\/12\/IMG_20201208_100728-300x169.jpg 300w, https:\/\/eldiariodesanpedro.com.ar\/sitio\/wp-content\/uploads\/2020\/12\/IMG_20201208_100728-768x432.jpg 768w, https:\/\/eldiariodesanpedro.com.ar\/sitio\/wp-content\/uploads\/2020\/12\/IMG_20201208_100728-1536x864.jpg 1536w, https:\/\/eldiariodesanpedro.com.ar\/sitio\/wp-content\/uploads\/2020\/12\/IMG_20201208_100728-2048x1152.jpg 2048w, https:\/\/eldiariodesanpedro.com.ar\/sitio\/wp-content\/uploads\/2020\/12\/IMG_20201208_100728-800x450.jpg 800w\" data-sizes=\"(max-width: 1024px) 100vw, 1024px\" src=\"data:image\/svg+xml;base64,PHN2ZyB3aWR0aD0iMSIgaGVpZ2h0PSIxIiB4bWxucz0iaHR0cDovL3d3dy53My5vcmcvMjAwMC9zdmciPjwvc3ZnPg==\" style=\"--smush-placeholder-width: 1024px; --smush-placeholder-aspect-ratio: 1024\/576;\" \/><\/figure>\n","protected":false},"excerpt":{"rendered":"<p>Son restos de cientos de caballos muertos por la falta de agua durante la \u201cGRAN SECA\u201d, un cambio en el clima que afect\u00f3 a la regi\u00f3n pampeana hace 200 a\u00f1os. El hecho fue registrado en San Pedro, a 180 km de Bs As. Desde el a\u00f1o 1550 hasta 1850, aproximadamente, el mundo vivi\u00f3 un per\u00edodo [&hellip;]<\/p>\n","protected":false},"author":4,"featured_media":84797,"comment_status":"open","ping_status":"closed","sticky":false,"template":"","format":"standard","meta":{"om_disable_all_campaigns":false,"_jetpack_memberships_contains_paid_content":false,"footnotes":""},"categories":[50,101,2],"tags":[],"class_list":["post-84795","post","type-post","status-publish","format-standard","has-post-thumbnail","hentry","category-destacadas","category-interes-general-locales","category-locales"],"aioseo_notices":[],"gutentor_comment":0,"jetpack_featured_media_url":"https:\/\/eldiariodesanpedro.com.ar\/sitio\/wp-content\/uploads\/2020\/12\/IMG_20201208_095916-1-scaled.jpg","jetpack_shortlink":"https:\/\/wp.me\/p6RhLt-m3F","jetpack_sharing_enabled":true,"_links":{"self":[{"href":"https:\/\/eldiariodesanpedro.com.ar\/sitio\/wp-json\/wp\/v2\/posts\/84795","targetHints":{"allow":["GET"]}}],"collection":[{"href":"https:\/\/eldiariodesanpedro.com.ar\/sitio\/wp-json\/wp\/v2\/posts"}],"about":[{"href":"https:\/\/eldiariodesanpedro.com.ar\/sitio\/wp-json\/wp\/v2\/types\/post"}],"author":[{"embeddable":true,"href":"https:\/\/eldiariodesanpedro.com.ar\/sitio\/wp-json\/wp\/v2\/users\/4"}],"replies":[{"embeddable":true,"href":"https:\/\/eldiariodesanpedro.com.ar\/sitio\/wp-json\/wp\/v2\/comments?post=84795"}],"version-history":[{"count":1,"href":"https:\/\/eldiariodesanpedro.com.ar\/sitio\/wp-json\/wp\/v2\/posts\/84795\/revisions"}],"predecessor-version":[{"id":84800,"href":"https:\/\/eldiariodesanpedro.com.ar\/sitio\/wp-json\/wp\/v2\/posts\/84795\/revisions\/84800"}],"wp:featuredmedia":[{"embeddable":true,"href":"https:\/\/eldiariodesanpedro.com.ar\/sitio\/wp-json\/wp\/v2\/media\/84797"}],"wp:attachment":[{"href":"https:\/\/eldiariodesanpedro.com.ar\/sitio\/wp-json\/wp\/v2\/media?parent=84795"}],"wp:term":[{"taxonomy":"category","embeddable":true,"href":"https:\/\/eldiariodesanpedro.com.ar\/sitio\/wp-json\/wp\/v2\/categories?post=84795"},{"taxonomy":"post_tag","embeddable":true,"href":"https:\/\/eldiariodesanpedro.com.ar\/sitio\/wp-json\/wp\/v2\/tags?post=84795"}],"curies":[{"name":"wp","href":"https:\/\/api.w.org\/{rel}","templated":true}]}}