{"id":84791,"date":"2020-12-21T12:37:11","date_gmt":"2020-12-21T15:37:11","guid":{"rendered":"https:\/\/eldiariodesanpedro.com.ar\/sitio\/?p=84791"},"modified":"2020-12-21T12:37:12","modified_gmt":"2020-12-21T15:37:12","slug":"dos-personas-aprehendidas-por-tenencia-de-estupefacientes-2","status":"publish","type":"post","link":"https:\/\/eldiariodesanpedro.com.ar\/sitio\/dos-personas-aprehendidas-por-tenencia-de-estupefacientes-2\/","title":{"rendered":"Dos personas aprehendidas por tenencia de estupefacientes"},"content":{"rendered":"<!-- VideographyWP Plugin Message: Automatic video embedding prevented by plugin options. -->\n\n<p>Durante el fin de semana se realiz\u00f3 la aprehensi\u00f3n de varios ciudadanos en la v\u00eda p\u00fablica por tenencia de estupefacientes.<\/p>\n\n\n\n<p>En las jornadas del s\u00e1bado y domingo la polic\u00eda de nuestra ciudad en recorridas preventivas realiz\u00f3 la aprehensi\u00f3n de dos personas de 43 y 36 a\u00f1os que se encontraban en v\u00eda p\u00fablica consumiendo estupefacientes a quienes se les secuestr\u00f3 sustancia similar a marihuana.<\/p>\n\n\n\n<p>Ambos fueron trasladados a la comisar\u00eda local donde quedaron imputados por la violacion a la ley 23037 que prohibe la tenencia de estupefacientes.&nbsp;<\/p>\n","protected":false},"excerpt":{"rendered":"<p>Durante el fin de semana se realiz\u00f3 la aprehensi\u00f3n de varios ciudadanos en la v\u00eda p\u00fablica por tenencia de estupefacientes. En las jornadas del s\u00e1bado y domingo la polic\u00eda de nuestra ciudad en recorridas preventivas realiz\u00f3 la aprehensi\u00f3n de dos personas de 43 y 36 a\u00f1os que se encontraban en v\u00eda p\u00fablica consumiendo estupefacientes a [&hellip;]<\/p>\n","protected":false},"author":4,"featured_media":80172,"comment_status":"open","ping_status":"closed","sticky":false,"template":"","format":"standard","meta":{"om_disable_all_campaigns":false,"_jetpack_memberships_contains_paid_content":false,"footnotes":""},"categories":[2],"tags":[197,2006,95,19],"class_list":["post-84791","post","type-post","status-publish","format-standard","has-post-thumbnail","hentry","category-locales","tag-buenos-aires","tag-dos-personas-aprehendidas-por-tenencia-de-estupefacientes","tag-policiales","tag-san-pedro"],"aioseo_notices":[],"gutentor_comment":0,"jetpack_featured_media_url":"https:\/\/eldiariodesanpedro.com.ar\/sitio\/wp-content\/uploads\/2020\/08\/lvp.lvp_.img_nv000592.jpg","jetpack_shortlink":"https:\/\/wp.me\/p6RhLt-m3B","jetpack_sharing_enabled":true,"_links":{"self":[{"href":"https:\/\/eldiariodesanpedro.com.ar\/sitio\/wp-json\/wp\/v2\/posts\/84791","targetHints":{"allow":["GET"]}}],"collection":[{"href":"https:\/\/eldiariodesanpedro.com.ar\/sitio\/wp-json\/wp\/v2\/posts"}],"about":[{"href":"https:\/\/eldiariodesanpedro.com.ar\/sitio\/wp-json\/wp\/v2\/types\/post"}],"author":[{"embeddable":true,"href":"https:\/\/eldiariodesanpedro.com.ar\/sitio\/wp-json\/wp\/v2\/users\/4"}],"replies":[{"embeddable":true,"href":"https:\/\/eldiariodesanpedro.com.ar\/sitio\/wp-json\/wp\/v2\/comments?post=84791"}],"version-history":[{"count":1,"href":"https:\/\/eldiariodesanpedro.com.ar\/sitio\/wp-json\/wp\/v2\/posts\/84791\/revisions"}],"predecessor-version":[{"id":84792,"href":"https:\/\/eldiariodesanpedro.com.ar\/sitio\/wp-json\/wp\/v2\/posts\/84791\/revisions\/84792"}],"wp:featuredmedia":[{"embeddable":true,"href":"https:\/\/eldiariodesanpedro.com.ar\/sitio\/wp-json\/wp\/v2\/media\/80172"}],"wp:attachment":[{"href":"https:\/\/eldiariodesanpedro.com.ar\/sitio\/wp-json\/wp\/v2\/media?parent=84791"}],"wp:term":[{"taxonomy":"category","embeddable":true,"href":"https:\/\/eldiariodesanpedro.com.ar\/sitio\/wp-json\/wp\/v2\/categories?post=84791"},{"taxonomy":"post_tag","embeddable":true,"href":"https:\/\/eldiariodesanpedro.com.ar\/sitio\/wp-json\/wp\/v2\/tags?post=84791"}],"curies":[{"name":"wp","href":"https:\/\/api.w.org\/{rel}","templated":true}]}}