{"id":84787,"date":"2020-12-21T12:04:25","date_gmt":"2020-12-21T15:04:25","guid":{"rendered":"https:\/\/eldiariodesanpedro.com.ar\/sitio\/?p=84787"},"modified":"2020-12-21T12:04:28","modified_gmt":"2020-12-21T15:04:28","slug":"varios-aprehendidos-por-disturbios-en-la-via-publica-y-tenencias-de-armas-blancas","status":"publish","type":"post","link":"https:\/\/eldiariodesanpedro.com.ar\/sitio\/varios-aprehendidos-por-disturbios-en-la-via-publica-y-tenencias-de-armas-blancas\/","title":{"rendered":"Varios aprehendidos por disturbios en la v\u00eda publica y tenencias de armas blancas"},"content":{"rendered":"<!-- VideographyWP Plugin Message: Automatic video embedding prevented by plugin options. -->\n\n<p>Durante el fin de semana la polic\u00eda de nuestra ciudad realiz\u00f3 varias aprehensiones por violacion de la ley 8031 que proh\u00edbe la tenencia de armas blancas.<\/p>\n\n\n\n<p>El Personal del destacamento de La Tosquera, alertado tras r\u00e1pido accionar en Laprida S\/N, La Tosquera, aprehende a femenina de 22 a\u00f1os a quien se le secuestro de cuchillo tipo de cocina en su poder.<\/p>\n\n\n\n<p>Otro en Lucio Mansilla esquinas Las Provincias aprehenden masculino de 26 a\u00f1os de edad, quien se encontraba alterando el orden y la paz del lugar, con presencia aliento et\u00edlico y presencia de lesiones en rostro producto de gresca lugar, adem\u00e1s portaba un arma blanca.&nbsp;<\/p>\n\n\n\n<p>Tambi\u00e9n en calle Benefactora Sampedrina y Nieto de Torres se aprehende a masculino de 27 a\u00f1os quien ten\u00eda en su poder arma blanca del tipo cuchilla.&nbsp;<\/p>\n\n\n\n<p>Por \u00faltimo en calle Pellegrini y Las Heras la polic\u00eda aprehenden a un ciudadano de 31 a\u00f1os, encontr\u00e1ndose alterando el orden y la paz del lugar, siendo revisado y encontrado con un cuchillo entre su prendas.<\/p>\n\n\n\n<p>En todo los casos fueron informados al Juzgado de Paz Local\u00a0 y puestos en libertad r\u00e1pidamente.<\/p>\n\n\n\n<figure class=\"wp-block-image size-large\"><img decoding=\"async\" width=\"1024\" height=\"1024\" data-attachment-id=\"84739\" data-permalink=\"https:\/\/eldiariodesanpedro.com.ar\/sitio\/visita-y-recorrida-de-funcionarios-de-la-direccion-provincial-de-defensa-civil\/inf-8031-3\/\" data-orig-file=\"https:\/\/eldiariodesanpedro.com.ar\/sitio\/wp-content\/uploads\/2020\/12\/Inf-8031-3.jpeg\" data-orig-size=\"1280,1280\" data-comments-opened=\"1\" data-image-meta=\"{&quot;aperture&quot;:&quot;0&quot;,&quot;credit&quot;:&quot;&quot;,&quot;camera&quot;:&quot;&quot;,&quot;caption&quot;:&quot;&quot;,&quot;created_timestamp&quot;:&quot;0&quot;,&quot;copyright&quot;:&quot;&quot;,&quot;focal_length&quot;:&quot;0&quot;,&quot;iso&quot;:&quot;0&quot;,&quot;shutter_speed&quot;:&quot;0&quot;,&quot;title&quot;:&quot;&quot;,&quot;orientation&quot;:&quot;0&quot;}\" data-image-title=\"Inf 8031 3\" data-image-description=\"\" data-image-caption=\"\" data-large-file=\"https:\/\/eldiariodesanpedro.com.ar\/sitio\/wp-content\/uploads\/2020\/12\/Inf-8031-3-1024x1024.jpeg\" data-src=\"https:\/\/eldiariodesanpedro.com.ar\/sitio\/wp-content\/uploads\/2020\/12\/Inf-8031-3-1024x1024.jpeg\" alt=\"\" class=\"wp-image-84739 lazyload\" data-srcset=\"https:\/\/eldiariodesanpedro.com.ar\/sitio\/wp-content\/uploads\/2020\/12\/Inf-8031-3-1024x1024.jpeg 1024w, https:\/\/eldiariodesanpedro.com.ar\/sitio\/wp-content\/uploads\/2020\/12\/Inf-8031-3-300x300.jpeg 300w, https:\/\/eldiariodesanpedro.com.ar\/sitio\/wp-content\/uploads\/2020\/12\/Inf-8031-3-150x150.jpeg 150w, https:\/\/eldiariodesanpedro.com.ar\/sitio\/wp-content\/uploads\/2020\/12\/Inf-8031-3-768x768.jpeg 768w, https:\/\/eldiariodesanpedro.com.ar\/sitio\/wp-content\/uploads\/2020\/12\/Inf-8031-3.jpeg 1280w\" data-sizes=\"(max-width: 1024px) 100vw, 1024px\" src=\"data:image\/svg+xml;base64,PHN2ZyB3aWR0aD0iMSIgaGVpZ2h0PSIxIiB4bWxucz0iaHR0cDovL3d3dy53My5vcmcvMjAwMC9zdmciPjwvc3ZnPg==\" style=\"--smush-placeholder-width: 1024px; --smush-placeholder-aspect-ratio: 1024\/1024;\" \/><\/figure>\n\n\n\n<figure class=\"wp-block-image size-large\"><img decoding=\"async\" width=\"484\" height=\"1024\" data-attachment-id=\"84740\" data-permalink=\"https:\/\/eldiariodesanpedro.com.ar\/sitio\/visita-y-recorrida-de-funcionarios-de-la-direccion-provincial-de-defensa-civil\/inf-8031-2\/\" data-orig-file=\"https:\/\/eldiariodesanpedro.com.ar\/sitio\/wp-content\/uploads\/2020\/12\/Inf-8031-2.jpeg\" data-orig-size=\"492,1040\" data-comments-opened=\"1\" data-image-meta=\"{&quot;aperture&quot;:&quot;0&quot;,&quot;credit&quot;:&quot;&quot;,&quot;camera&quot;:&quot;&quot;,&quot;caption&quot;:&quot;&quot;,&quot;created_timestamp&quot;:&quot;0&quot;,&quot;copyright&quot;:&quot;&quot;,&quot;focal_length&quot;:&quot;0&quot;,&quot;iso&quot;:&quot;0&quot;,&quot;shutter_speed&quot;:&quot;0&quot;,&quot;title&quot;:&quot;&quot;,&quot;orientation&quot;:&quot;0&quot;}\" data-image-title=\"Inf 8031 2\" data-image-description=\"\" data-image-caption=\"\" data-large-file=\"https:\/\/eldiariodesanpedro.com.ar\/sitio\/wp-content\/uploads\/2020\/12\/Inf-8031-2-484x1024.jpeg\" data-src=\"https:\/\/eldiariodesanpedro.com.ar\/sitio\/wp-content\/uploads\/2020\/12\/Inf-8031-2-484x1024.jpeg\" alt=\"\" class=\"wp-image-84740 lazyload\" data-srcset=\"https:\/\/eldiariodesanpedro.com.ar\/sitio\/wp-content\/uploads\/2020\/12\/Inf-8031-2-484x1024.jpeg 484w, https:\/\/eldiariodesanpedro.com.ar\/sitio\/wp-content\/uploads\/2020\/12\/Inf-8031-2-142x300.jpeg 142w, https:\/\/eldiariodesanpedro.com.ar\/sitio\/wp-content\/uploads\/2020\/12\/Inf-8031-2.jpeg 492w\" data-sizes=\"(max-width: 484px) 100vw, 484px\" src=\"data:image\/svg+xml;base64,PHN2ZyB3aWR0aD0iMSIgaGVpZ2h0PSIxIiB4bWxucz0iaHR0cDovL3d3dy53My5vcmcvMjAwMC9zdmciPjwvc3ZnPg==\" style=\"--smush-placeholder-width: 484px; --smush-placeholder-aspect-ratio: 484\/1024;\" \/><\/figure>\n","protected":false},"excerpt":{"rendered":"<p>Durante el fin de semana la polic\u00eda de nuestra ciudad realiz\u00f3 varias aprehensiones por violacion de la ley 8031 que proh\u00edbe la tenencia de armas blancas. El Personal del destacamento de La Tosquera, alertado tras r\u00e1pido accionar en Laprida S\/N, La Tosquera, aprehende a femenina de 22 a\u00f1os a quien se le secuestro de cuchillo [&hellip;]<\/p>\n","protected":false},"author":4,"featured_media":84738,"comment_status":"open","ping_status":"closed","sticky":false,"template":"","format":"standard","meta":{"om_disable_all_campaigns":false,"_jetpack_memberships_contains_paid_content":false,"footnotes":""},"categories":[2,103],"tags":[33,95,19,2004],"class_list":["post-84787","post","type-post","status-publish","format-standard","has-post-thumbnail","hentry","category-locales","category-policiales-locales","tag-locales","tag-policiales","tag-san-pedro","tag-varios-aprehendidos-por-disturbios-en-la-via-publica-y-tenencias-de-armas-blancas"],"aioseo_notices":[],"gutentor_comment":0,"jetpack_featured_media_url":"https:\/\/eldiariodesanpedro.com.ar\/sitio\/wp-content\/uploads\/2020\/12\/Inf-8031.jpeg","jetpack_shortlink":"https:\/\/wp.me\/p6RhLt-m3x","jetpack_sharing_enabled":true,"_links":{"self":[{"href":"https:\/\/eldiariodesanpedro.com.ar\/sitio\/wp-json\/wp\/v2\/posts\/84787","targetHints":{"allow":["GET"]}}],"collection":[{"href":"https:\/\/eldiariodesanpedro.com.ar\/sitio\/wp-json\/wp\/v2\/posts"}],"about":[{"href":"https:\/\/eldiariodesanpedro.com.ar\/sitio\/wp-json\/wp\/v2\/types\/post"}],"author":[{"embeddable":true,"href":"https:\/\/eldiariodesanpedro.com.ar\/sitio\/wp-json\/wp\/v2\/users\/4"}],"replies":[{"embeddable":true,"href":"https:\/\/eldiariodesanpedro.com.ar\/sitio\/wp-json\/wp\/v2\/comments?post=84787"}],"version-history":[{"count":1,"href":"https:\/\/eldiariodesanpedro.com.ar\/sitio\/wp-json\/wp\/v2\/posts\/84787\/revisions"}],"predecessor-version":[{"id":84788,"href":"https:\/\/eldiariodesanpedro.com.ar\/sitio\/wp-json\/wp\/v2\/posts\/84787\/revisions\/84788"}],"wp:featuredmedia":[{"embeddable":true,"href":"https:\/\/eldiariodesanpedro.com.ar\/sitio\/wp-json\/wp\/v2\/media\/84738"}],"wp:attachment":[{"href":"https:\/\/eldiariodesanpedro.com.ar\/sitio\/wp-json\/wp\/v2\/media?parent=84787"}],"wp:term":[{"taxonomy":"category","embeddable":true,"href":"https:\/\/eldiariodesanpedro.com.ar\/sitio\/wp-json\/wp\/v2\/categories?post=84787"},{"taxonomy":"post_tag","embeddable":true,"href":"https:\/\/eldiariodesanpedro.com.ar\/sitio\/wp-json\/wp\/v2\/tags?post=84787"}],"curies":[{"name":"wp","href":"https:\/\/api.w.org\/{rel}","templated":true}]}}