{"id":84782,"date":"2020-12-21T11:23:21","date_gmt":"2020-12-21T14:23:21","guid":{"rendered":"https:\/\/eldiariodesanpedro.com.ar\/sitio\/?p=84782"},"modified":"2020-12-21T11:23:24","modified_gmt":"2020-12-21T14:23:24","slug":"se-secuestraron-diecinueve-motocicletas-una-camioneta-y-un-camion","status":"publish","type":"post","link":"https:\/\/eldiariodesanpedro.com.ar\/sitio\/se-secuestraron-diecinueve-motocicletas-una-camioneta-y-un-camion\/","title":{"rendered":"Se secuestraron diecinueve  motocicletas, una camioneta y un cami\u00f3n"},"content":{"rendered":"<!-- VideographyWP Plugin Message: Automatic video embedding prevented by plugin options. -->\n\n<p>Durante la jornadas de este fin de semana la Direcci\u00f3n de Tr\u00e1nsito realiz\u00f3 varios secuestros de motocicletas y veh\u00edculos por infracciones diferentes.<\/p>\n\n\n\n<p>Durante el fin de semana se realizaron procedimientos en diferentes lugares de la ciudad, donde se lograron secuestrar 19 motocicletas en total, una camioneta y un cami\u00f3n, la mayor\u00eda de ellos por alcoholemia positiva.<\/p>\n\n\n\n<p>Cada uno de ellos fue secuestrado y trasladado al dep\u00f3sito municipal.<\/p>\n\n\n\n<figure class=\"wp-block-image size-large\"><img decoding=\"async\" width=\"768\" height=\"1024\" data-attachment-id=\"84778\" data-permalink=\"https:\/\/eldiariodesanpedro.com.ar\/sitio\/img-20201221-wa0010\/\" data-orig-file=\"https:\/\/eldiariodesanpedro.com.ar\/sitio\/wp-content\/uploads\/2020\/12\/IMG-20201221-WA0010.jpg\" data-orig-size=\"960,1280\" data-comments-opened=\"1\" data-image-meta=\"{&quot;aperture&quot;:&quot;0&quot;,&quot;credit&quot;:&quot;&quot;,&quot;camera&quot;:&quot;&quot;,&quot;caption&quot;:&quot;&quot;,&quot;created_timestamp&quot;:&quot;0&quot;,&quot;copyright&quot;:&quot;&quot;,&quot;focal_length&quot;:&quot;0&quot;,&quot;iso&quot;:&quot;0&quot;,&quot;shutter_speed&quot;:&quot;0&quot;,&quot;title&quot;:&quot;&quot;,&quot;orientation&quot;:&quot;0&quot;}\" data-image-title=\"IMG-20201221-WA0010\" data-image-description=\"\" data-image-caption=\"\" data-large-file=\"https:\/\/eldiariodesanpedro.com.ar\/sitio\/wp-content\/uploads\/2020\/12\/IMG-20201221-WA0010-768x1024.jpg\" data-src=\"https:\/\/eldiariodesanpedro.com.ar\/sitio\/wp-content\/uploads\/2020\/12\/IMG-20201221-WA0010-768x1024.jpg\" alt=\"\" class=\"wp-image-84778 lazyload\" data-srcset=\"https:\/\/eldiariodesanpedro.com.ar\/sitio\/wp-content\/uploads\/2020\/12\/IMG-20201221-WA0010-768x1024.jpg 768w, https:\/\/eldiariodesanpedro.com.ar\/sitio\/wp-content\/uploads\/2020\/12\/IMG-20201221-WA0010-225x300.jpg 225w, https:\/\/eldiariodesanpedro.com.ar\/sitio\/wp-content\/uploads\/2020\/12\/IMG-20201221-WA0010.jpg 960w\" data-sizes=\"(max-width: 768px) 100vw, 768px\" src=\"data:image\/svg+xml;base64,PHN2ZyB3aWR0aD0iMSIgaGVpZ2h0PSIxIiB4bWxucz0iaHR0cDovL3d3dy53My5vcmcvMjAwMC9zdmciPjwvc3ZnPg==\" style=\"--smush-placeholder-width: 768px; --smush-placeholder-aspect-ratio: 768\/1024;\" \/><\/figure>\n\n\n\n<figure class=\"wp-block-image size-large\"><img decoding=\"async\" width=\"768\" height=\"1024\" data-attachment-id=\"84777\" data-permalink=\"https:\/\/eldiariodesanpedro.com.ar\/sitio\/img-20201221-wa0011\/\" data-orig-file=\"https:\/\/eldiariodesanpedro.com.ar\/sitio\/wp-content\/uploads\/2020\/12\/IMG-20201221-WA0011.jpg\" data-orig-size=\"780,1040\" data-comments-opened=\"1\" data-image-meta=\"{&quot;aperture&quot;:&quot;0&quot;,&quot;credit&quot;:&quot;&quot;,&quot;camera&quot;:&quot;&quot;,&quot;caption&quot;:&quot;&quot;,&quot;created_timestamp&quot;:&quot;0&quot;,&quot;copyright&quot;:&quot;&quot;,&quot;focal_length&quot;:&quot;0&quot;,&quot;iso&quot;:&quot;0&quot;,&quot;shutter_speed&quot;:&quot;0&quot;,&quot;title&quot;:&quot;&quot;,&quot;orientation&quot;:&quot;0&quot;}\" data-image-title=\"IMG-20201221-WA0011\" data-image-description=\"\" data-image-caption=\"\" data-large-file=\"https:\/\/eldiariodesanpedro.com.ar\/sitio\/wp-content\/uploads\/2020\/12\/IMG-20201221-WA0011-768x1024.jpg\" data-src=\"https:\/\/eldiariodesanpedro.com.ar\/sitio\/wp-content\/uploads\/2020\/12\/IMG-20201221-WA0011-768x1024.jpg\" alt=\"\" class=\"wp-image-84777 lazyload\" data-srcset=\"https:\/\/eldiariodesanpedro.com.ar\/sitio\/wp-content\/uploads\/2020\/12\/IMG-20201221-WA0011-768x1024.jpg 768w, https:\/\/eldiariodesanpedro.com.ar\/sitio\/wp-content\/uploads\/2020\/12\/IMG-20201221-WA0011-225x300.jpg 225w, https:\/\/eldiariodesanpedro.com.ar\/sitio\/wp-content\/uploads\/2020\/12\/IMG-20201221-WA0011.jpg 780w\" data-sizes=\"(max-width: 768px) 100vw, 768px\" src=\"data:image\/svg+xml;base64,PHN2ZyB3aWR0aD0iMSIgaGVpZ2h0PSIxIiB4bWxucz0iaHR0cDovL3d3dy53My5vcmcvMjAwMC9zdmciPjwvc3ZnPg==\" style=\"--smush-placeholder-width: 768px; --smush-placeholder-aspect-ratio: 768\/1024;\" \/><\/figure>\n\n\n\n<figure class=\"wp-block-image size-large\"><img decoding=\"async\" width=\"1024\" height=\"768\" data-attachment-id=\"84775\" data-permalink=\"https:\/\/eldiariodesanpedro.com.ar\/sitio\/img-20201221-wa0013\/\" data-orig-file=\"https:\/\/eldiariodesanpedro.com.ar\/sitio\/wp-content\/uploads\/2020\/12\/IMG-20201221-WA0013.jpg\" data-orig-size=\"1032,774\" data-comments-opened=\"1\" data-image-meta=\"{&quot;aperture&quot;:&quot;0&quot;,&quot;credit&quot;:&quot;&quot;,&quot;camera&quot;:&quot;&quot;,&quot;caption&quot;:&quot;&quot;,&quot;created_timestamp&quot;:&quot;0&quot;,&quot;copyright&quot;:&quot;&quot;,&quot;focal_length&quot;:&quot;0&quot;,&quot;iso&quot;:&quot;0&quot;,&quot;shutter_speed&quot;:&quot;0&quot;,&quot;title&quot;:&quot;&quot;,&quot;orientation&quot;:&quot;0&quot;}\" data-image-title=\"IMG-20201221-WA0013\" data-image-description=\"\" data-image-caption=\"\" data-large-file=\"https:\/\/eldiariodesanpedro.com.ar\/sitio\/wp-content\/uploads\/2020\/12\/IMG-20201221-WA0013-1024x768.jpg\" data-src=\"https:\/\/eldiariodesanpedro.com.ar\/sitio\/wp-content\/uploads\/2020\/12\/IMG-20201221-WA0013-1024x768.jpg\" alt=\"\" class=\"wp-image-84775 lazyload\" data-srcset=\"https:\/\/eldiariodesanpedro.com.ar\/sitio\/wp-content\/uploads\/2020\/12\/IMG-20201221-WA0013-1024x768.jpg 1024w, https:\/\/eldiariodesanpedro.com.ar\/sitio\/wp-content\/uploads\/2020\/12\/IMG-20201221-WA0013-300x225.jpg 300w, https:\/\/eldiariodesanpedro.com.ar\/sitio\/wp-content\/uploads\/2020\/12\/IMG-20201221-WA0013-768x576.jpg 768w, https:\/\/eldiariodesanpedro.com.ar\/sitio\/wp-content\/uploads\/2020\/12\/IMG-20201221-WA0013-500x375.jpg 500w, https:\/\/eldiariodesanpedro.com.ar\/sitio\/wp-content\/uploads\/2020\/12\/IMG-20201221-WA0013.jpg 1032w\" data-sizes=\"(max-width: 1024px) 100vw, 1024px\" src=\"data:image\/svg+xml;base64,PHN2ZyB3aWR0aD0iMSIgaGVpZ2h0PSIxIiB4bWxucz0iaHR0cDovL3d3dy53My5vcmcvMjAwMC9zdmciPjwvc3ZnPg==\" style=\"--smush-placeholder-width: 1024px; --smush-placeholder-aspect-ratio: 1024\/768;\" \/><\/figure>\n","protected":false},"excerpt":{"rendered":"<p>Durante la jornadas de este fin de semana la Direcci\u00f3n de Tr\u00e1nsito realiz\u00f3 varios secuestros de motocicletas y veh\u00edculos por infracciones diferentes. Durante el fin de semana se realizaron procedimientos en diferentes lugares de la ciudad, donde se lograron secuestrar 19 motocicletas en total, una camioneta y un cami\u00f3n, la mayor\u00eda de ellos por alcoholemia [&hellip;]<\/p>\n","protected":false},"author":4,"featured_media":84776,"comment_status":"open","ping_status":"closed","sticky":false,"template":"","format":"standard","meta":{"om_disable_all_campaigns":false,"_jetpack_memberships_contains_paid_content":false,"footnotes":""},"categories":[50,2,103],"tags":[],"class_list":["post-84782","post","type-post","status-publish","format-standard","has-post-thumbnail","hentry","category-destacadas","category-locales","category-policiales-locales"],"aioseo_notices":[],"gutentor_comment":0,"jetpack_featured_media_url":"https:\/\/eldiariodesanpedro.com.ar\/sitio\/wp-content\/uploads\/2020\/12\/IMG-20201221-WA0012.jpg","jetpack_shortlink":"https:\/\/wp.me\/p6RhLt-m3s","jetpack_sharing_enabled":true,"_links":{"self":[{"href":"https:\/\/eldiariodesanpedro.com.ar\/sitio\/wp-json\/wp\/v2\/posts\/84782","targetHints":{"allow":["GET"]}}],"collection":[{"href":"https:\/\/eldiariodesanpedro.com.ar\/sitio\/wp-json\/wp\/v2\/posts"}],"about":[{"href":"https:\/\/eldiariodesanpedro.com.ar\/sitio\/wp-json\/wp\/v2\/types\/post"}],"author":[{"embeddable":true,"href":"https:\/\/eldiariodesanpedro.com.ar\/sitio\/wp-json\/wp\/v2\/users\/4"}],"replies":[{"embeddable":true,"href":"https:\/\/eldiariodesanpedro.com.ar\/sitio\/wp-json\/wp\/v2\/comments?post=84782"}],"version-history":[{"count":1,"href":"https:\/\/eldiariodesanpedro.com.ar\/sitio\/wp-json\/wp\/v2\/posts\/84782\/revisions"}],"predecessor-version":[{"id":84783,"href":"https:\/\/eldiariodesanpedro.com.ar\/sitio\/wp-json\/wp\/v2\/posts\/84782\/revisions\/84783"}],"wp:featuredmedia":[{"embeddable":true,"href":"https:\/\/eldiariodesanpedro.com.ar\/sitio\/wp-json\/wp\/v2\/media\/84776"}],"wp:attachment":[{"href":"https:\/\/eldiariodesanpedro.com.ar\/sitio\/wp-json\/wp\/v2\/media?parent=84782"}],"wp:term":[{"taxonomy":"category","embeddable":true,"href":"https:\/\/eldiariodesanpedro.com.ar\/sitio\/wp-json\/wp\/v2\/categories?post=84782"},{"taxonomy":"post_tag","embeddable":true,"href":"https:\/\/eldiariodesanpedro.com.ar\/sitio\/wp-json\/wp\/v2\/tags?post=84782"}],"curies":[{"name":"wp","href":"https:\/\/api.w.org\/{rel}","templated":true}]}}