{"id":84779,"date":"2020-12-21T11:05:16","date_gmt":"2020-12-21T14:05:16","guid":{"rendered":"https:\/\/eldiariodesanpedro.com.ar\/sitio\/?p=84779"},"modified":"2020-12-21T11:05:19","modified_gmt":"2020-12-21T14:05:19","slug":"clausura-de-vinoteca-en-rio-tala","status":"publish","type":"post","link":"https:\/\/eldiariodesanpedro.com.ar\/sitio\/clausura-de-vinoteca-en-rio-tala\/","title":{"rendered":"Clausura de vinoteca en R\u00edo Tala"},"content":{"rendered":"<!-- VideographyWP Plugin Message: Automatic video embedding prevented by plugin options. -->\n\n<p>En la localidad de R\u00edo Tala se hizo presente personal de Inspecci\u00f3n acompa\u00f1ados de efectivos policiales para realizar la clausura de comercios rubro vinoteca.<\/p>\n\n\n\n<p>Los efectivos se hicieron presentes en calle San Martin y Rivadavia de la de rubro vinoteca el cual carec\u00eda de habilitaci\u00f3n comercial y falta de permiso habilitante de bebidas alcoh\u00f3licas (ReBA).<\/p>\n\n\n\n<p>Se le elabor\u00f3 el acta correspondiente y se inform\u00f3 al Juzgado de Paz de San Pedro.vecina localidad de R\u00edo Tala donde llevaron adelante la clausura de comercio<\/p>\n","protected":false},"excerpt":{"rendered":"<p>En la localidad de R\u00edo Tala se hizo presente personal de Inspecci\u00f3n acompa\u00f1ados de efectivos policiales para realizar la clausura de comercios rubro vinoteca. Los efectivos se hicieron presentes en calle San Martin y Rivadavia de la de rubro vinoteca el cual carec\u00eda de habilitaci\u00f3n comercial y falta de permiso habilitante de bebidas alcoh\u00f3licas (ReBA). [&hellip;]<\/p>\n","protected":false},"author":4,"featured_media":84780,"comment_status":"open","ping_status":"closed","sticky":false,"template":"","format":"standard","meta":{"om_disable_all_campaigns":false,"_jetpack_memberships_contains_paid_content":false,"footnotes":""},"categories":[2,103],"tags":[2003,33,95,881],"class_list":["post-84779","post","type-post","status-publish","format-standard","has-post-thumbnail","hentry","category-locales","category-policiales-locales","tag-clausura-de-vinoteca","tag-locales","tag-policiales","tag-rio-tala"],"aioseo_notices":[],"gutentor_comment":0,"jetpack_featured_media_url":"https:\/\/eldiariodesanpedro.com.ar\/sitio\/wp-content\/uploads\/2020\/12\/DSC_0003-2-scaled.jpg","jetpack_shortlink":"https:\/\/wp.me\/p6RhLt-m3p","jetpack_sharing_enabled":true,"_links":{"self":[{"href":"https:\/\/eldiariodesanpedro.com.ar\/sitio\/wp-json\/wp\/v2\/posts\/84779","targetHints":{"allow":["GET"]}}],"collection":[{"href":"https:\/\/eldiariodesanpedro.com.ar\/sitio\/wp-json\/wp\/v2\/posts"}],"about":[{"href":"https:\/\/eldiariodesanpedro.com.ar\/sitio\/wp-json\/wp\/v2\/types\/post"}],"author":[{"embeddable":true,"href":"https:\/\/eldiariodesanpedro.com.ar\/sitio\/wp-json\/wp\/v2\/users\/4"}],"replies":[{"embeddable":true,"href":"https:\/\/eldiariodesanpedro.com.ar\/sitio\/wp-json\/wp\/v2\/comments?post=84779"}],"version-history":[{"count":1,"href":"https:\/\/eldiariodesanpedro.com.ar\/sitio\/wp-json\/wp\/v2\/posts\/84779\/revisions"}],"predecessor-version":[{"id":84781,"href":"https:\/\/eldiariodesanpedro.com.ar\/sitio\/wp-json\/wp\/v2\/posts\/84779\/revisions\/84781"}],"wp:featuredmedia":[{"embeddable":true,"href":"https:\/\/eldiariodesanpedro.com.ar\/sitio\/wp-json\/wp\/v2\/media\/84780"}],"wp:attachment":[{"href":"https:\/\/eldiariodesanpedro.com.ar\/sitio\/wp-json\/wp\/v2\/media?parent=84779"}],"wp:term":[{"taxonomy":"category","embeddable":true,"href":"https:\/\/eldiariodesanpedro.com.ar\/sitio\/wp-json\/wp\/v2\/categories?post=84779"},{"taxonomy":"post_tag","embeddable":true,"href":"https:\/\/eldiariodesanpedro.com.ar\/sitio\/wp-json\/wp\/v2\/tags?post=84779"}],"curies":[{"name":"wp","href":"https:\/\/api.w.org\/{rel}","templated":true}]}}