{"id":84722,"date":"2020-12-18T18:10:16","date_gmt":"2020-12-18T21:10:16","guid":{"rendered":"https:\/\/eldiariodesanpedro.com.ar\/sitio\/?p=84722"},"modified":"2020-12-18T18:10:20","modified_gmt":"2020-12-18T21:10:20","slug":"edicto-de-sucesion-de-jorge-demetrio-centurion","status":"publish","type":"post","link":"https:\/\/eldiariodesanpedro.com.ar\/sitio\/edicto-de-sucesion-de-jorge-demetrio-centurion\/","title":{"rendered":"Edicto de Sucesi\u00f3n de Jorge Demetrio Centuri\u00f3n"},"content":{"rendered":"<!-- VideographyWP Plugin Message: Automatic video embedding prevented by plugin options. -->\n\n<p>El Juzgado Civil y Comercial N\u00ba 6 del Dpto. Judicial de San Nicol\u00e1s, Secretar\u00eda \u00danica, cita y emplaza por treinta d\u00edas a herederos y acreedores de <strong>Jorge Demetrio Centuri\u00f3n<\/strong>.-  San Nicol\u00e1s, 18 de Diciembre de 2020<\/p>\n\n\n\n<p>HORMAZABAL\u00a0 JOSE ANTONIO\u00a0<br>ABOGADO SECRETARIO<\/p>\n","protected":false},"excerpt":{"rendered":"<p>El Juzgado Civil y Comercial N\u00ba 6 del Dpto. Judicial de San Nicol\u00e1s, Secretar\u00eda \u00danica, cita y emplaza por treinta d\u00edas a herederos y acreedores de Jorge Demetrio Centuri\u00f3n.- San Nicol\u00e1s, 18 de Diciembre de 2020 HORMAZABAL\u00a0 JOSE ANTONIO\u00a0ABOGADO SECRETARIO<\/p>\n","protected":false},"author":4,"featured_media":81115,"comment_status":"open","ping_status":"closed","sticky":false,"template":"","format":"standard","meta":{"om_disable_all_campaigns":false,"_jetpack_memberships_contains_paid_content":false,"footnotes":""},"categories":[676,677],"tags":[1121,1999,1355,1122],"class_list":["post-84722","post","type-post","status-publish","format-standard","has-post-thumbnail","hentry","category-edictos","category-edictos-sucesorios","tag-edicto","tag-jorge-demetrio-centurion","tag-judiciales","tag-sucesion"],"aioseo_notices":[],"gutentor_comment":0,"jetpack_featured_media_url":"https:\/\/eldiariodesanpedro.com.ar\/sitio\/wp-content\/uploads\/2020\/09\/Poder-Judicial.jpg","jetpack_shortlink":"https:\/\/wp.me\/p6RhLt-m2u","jetpack_sharing_enabled":true,"_links":{"self":[{"href":"https:\/\/eldiariodesanpedro.com.ar\/sitio\/wp-json\/wp\/v2\/posts\/84722","targetHints":{"allow":["GET"]}}],"collection":[{"href":"https:\/\/eldiariodesanpedro.com.ar\/sitio\/wp-json\/wp\/v2\/posts"}],"about":[{"href":"https:\/\/eldiariodesanpedro.com.ar\/sitio\/wp-json\/wp\/v2\/types\/post"}],"author":[{"embeddable":true,"href":"https:\/\/eldiariodesanpedro.com.ar\/sitio\/wp-json\/wp\/v2\/users\/4"}],"replies":[{"embeddable":true,"href":"https:\/\/eldiariodesanpedro.com.ar\/sitio\/wp-json\/wp\/v2\/comments?post=84722"}],"version-history":[{"count":1,"href":"https:\/\/eldiariodesanpedro.com.ar\/sitio\/wp-json\/wp\/v2\/posts\/84722\/revisions"}],"predecessor-version":[{"id":84723,"href":"https:\/\/eldiariodesanpedro.com.ar\/sitio\/wp-json\/wp\/v2\/posts\/84722\/revisions\/84723"}],"wp:featuredmedia":[{"embeddable":true,"href":"https:\/\/eldiariodesanpedro.com.ar\/sitio\/wp-json\/wp\/v2\/media\/81115"}],"wp:attachment":[{"href":"https:\/\/eldiariodesanpedro.com.ar\/sitio\/wp-json\/wp\/v2\/media?parent=84722"}],"wp:term":[{"taxonomy":"category","embeddable":true,"href":"https:\/\/eldiariodesanpedro.com.ar\/sitio\/wp-json\/wp\/v2\/categories?post=84722"},{"taxonomy":"post_tag","embeddable":true,"href":"https:\/\/eldiariodesanpedro.com.ar\/sitio\/wp-json\/wp\/v2\/tags?post=84722"}],"curies":[{"name":"wp","href":"https:\/\/api.w.org\/{rel}","templated":true}]}}