{"id":84715,"date":"2020-12-18T10:31:59","date_gmt":"2020-12-18T13:31:59","guid":{"rendered":"https:\/\/eldiariodesanpedro.com.ar\/sitio\/?p=84715"},"modified":"2020-12-18T10:32:04","modified_gmt":"2020-12-18T13:32:04","slug":"joven-sufrio-fracturas-en-varias-vertebras-al-arrojarse-al-riacho-san-pedro","status":"publish","type":"post","link":"https:\/\/eldiariodesanpedro.com.ar\/sitio\/joven-sufrio-fracturas-en-varias-vertebras-al-arrojarse-al-riacho-san-pedro\/","title":{"rendered":"Joven sufri\u00f3 fracturas en varias vertebras al arrojarse al riacho San Pedro"},"content":{"rendered":"<!-- VideographyWP Plugin Message: Automatic video embedding prevented by plugin options. -->\n\n<p>Este jueves un joven que se arrojo hacia el agua en el riacho San Pedro en la zona del paseo publico sufriendo una fracturas cervicales.<\/p>\n\n\n\n<p>El hecho ocurri\u00f3 este jueves por la tarde cuando un joven identificado como Lucas Franco de 25 a\u00f1os de edad se arrojo al riacho San Pedro y golpeo su cabeza contra alguna zona de poca agua provoc\u00e1ndole importantes fracturas cervicales en su columna.<\/p>\n\n\n\n<p>El joven se tiro al agua sin tener en cuanta la profundidad de la misma, tras sufrir el accidente fue trasladado por un amigo en una motocicleta hasta el nosocomio local sin tener los recaudos necesarios provoc\u00e1ndole un desplazamiento.<\/p>\n\n\n\n<p>En el nosocomio local se determino que sufri\u00f3 un traumatismo de cr\u00e1neo con compromiso de columna cervical. Se solicit\u00f3 traslado a emergencias sanitarias y esperan que les den la derivaci\u00f3n a neurocirug\u00eda.<\/p>\n\n\n\n<p> <\/p>\n","protected":false},"excerpt":{"rendered":"<p>Este jueves un joven que se arrojo hacia el agua en el riacho San Pedro en la zona del paseo publico sufriendo una fracturas cervicales. El hecho ocurri\u00f3 este jueves por la tarde cuando un joven identificado como Lucas Franco de 25 a\u00f1os de edad se arrojo al riacho San Pedro y golpeo su cabeza [&hellip;]<\/p>\n","protected":false},"author":4,"featured_media":84337,"comment_status":"open","ping_status":"closed","sticky":false,"template":"","format":"standard","meta":{"om_disable_all_campaigns":false,"_jetpack_memberships_contains_paid_content":false,"footnotes":""},"categories":[50,2,103],"tags":[],"class_list":["post-84715","post","type-post","status-publish","format-standard","has-post-thumbnail","hentry","category-destacadas","category-locales","category-policiales-locales"],"aioseo_notices":[],"gutentor_comment":0,"jetpack_featured_media_url":"https:\/\/eldiariodesanpedro.com.ar\/sitio\/wp-content\/uploads\/2020\/12\/130738824_1089411481518070_852856759217671175_n.jpg","jetpack_shortlink":"https:\/\/wp.me\/p6RhLt-m2n","jetpack_sharing_enabled":true,"_links":{"self":[{"href":"https:\/\/eldiariodesanpedro.com.ar\/sitio\/wp-json\/wp\/v2\/posts\/84715","targetHints":{"allow":["GET"]}}],"collection":[{"href":"https:\/\/eldiariodesanpedro.com.ar\/sitio\/wp-json\/wp\/v2\/posts"}],"about":[{"href":"https:\/\/eldiariodesanpedro.com.ar\/sitio\/wp-json\/wp\/v2\/types\/post"}],"author":[{"embeddable":true,"href":"https:\/\/eldiariodesanpedro.com.ar\/sitio\/wp-json\/wp\/v2\/users\/4"}],"replies":[{"embeddable":true,"href":"https:\/\/eldiariodesanpedro.com.ar\/sitio\/wp-json\/wp\/v2\/comments?post=84715"}],"version-history":[{"count":1,"href":"https:\/\/eldiariodesanpedro.com.ar\/sitio\/wp-json\/wp\/v2\/posts\/84715\/revisions"}],"predecessor-version":[{"id":84717,"href":"https:\/\/eldiariodesanpedro.com.ar\/sitio\/wp-json\/wp\/v2\/posts\/84715\/revisions\/84717"}],"wp:featuredmedia":[{"embeddable":true,"href":"https:\/\/eldiariodesanpedro.com.ar\/sitio\/wp-json\/wp\/v2\/media\/84337"}],"wp:attachment":[{"href":"https:\/\/eldiariodesanpedro.com.ar\/sitio\/wp-json\/wp\/v2\/media?parent=84715"}],"wp:term":[{"taxonomy":"category","embeddable":true,"href":"https:\/\/eldiariodesanpedro.com.ar\/sitio\/wp-json\/wp\/v2\/categories?post=84715"},{"taxonomy":"post_tag","embeddable":true,"href":"https:\/\/eldiariodesanpedro.com.ar\/sitio\/wp-json\/wp\/v2\/tags?post=84715"}],"curies":[{"name":"wp","href":"https:\/\/api.w.org\/{rel}","templated":true}]}}