{"id":84677,"date":"2020-12-17T19:53:38","date_gmt":"2020-12-17T22:53:38","guid":{"rendered":"https:\/\/eldiariodesanpedro.com.ar\/sitio\/?p=84677"},"modified":"2020-12-17T19:53:39","modified_gmt":"2020-12-17T22:53:39","slug":"esta-manana-ambientalistas-reclamaron-por-los-incendios-en-las-islas","status":"publish","type":"post","link":"https:\/\/eldiariodesanpedro.com.ar\/sitio\/esta-manana-ambientalistas-reclamaron-por-los-incendios-en-las-islas\/","title":{"rendered":"Esta ma\u00f1ana ambientalistas reclamaron por los incendios en las islas"},"content":{"rendered":"<!-- VideographyWP Plugin Message: Automatic video embedding prevented by plugin options. -->\n\n<p>Este jueves, autoconvocados\/as y agrupaciones ambientalistas de San Pedro se dieron cita en las puertas de la Municipalidad. Realizaron una sentada y entregaron una nota solicitando informes sobre las acciones realizadas tras los incendios en jurisdicci\u00f3n local y el relevamiento de da\u00f1os. Ninguna autoridad municipal los recibi\u00f3.<\/p>\n\n\n\n<p>Este jueves se concret\u00f3 una sentada en reclamo por el incendio en la zona de islas en las puertas de la Municipalidad de San Pedro, convocada por vecinos\/as y ambientalistas que buscan que el Estado responda sobre sus actuaciones en torno a los incendios persistentes en todo el 2020.<\/p>\n\n\n\n<p>La Municipalidad fue custodiada por personal policial, aunque la protesta se realiz\u00f3 en t\u00e9rminos pac\u00edficos. No hubo funcionarios que recibieran a los manifestantes.<\/p>\n\n\n\n<p>Fuente: Visi\u00f3n Regional<\/p>\n\n\n<p><iframe style=\"border: none; overflow: hidden;\" data-src=\"https:\/\/www.facebook.com\/plugins\/video.php?height=314&amp;href=https%3A%2F%2Fwww.facebook.com%2Feldiario.desanpedro%2Fvideos%2F1508391709365756%2F&amp;show_text=false&amp;width=560\" width=\"560\" height=\"314\" frameborder=\"0\" scrolling=\"no\" allowfullscreen=\"allowfullscreen\" src=\"data:image\/svg+xml;base64,PHN2ZyB3aWR0aD0iMSIgaGVpZ2h0PSIxIiB4bWxucz0iaHR0cDovL3d3dy53My5vcmcvMjAwMC9zdmciPjwvc3ZnPg==\" class=\"lazyload\" data-load-mode=\"1\"><\/iframe><\/p>\n<p><iframe style=\"border: none; overflow: hidden;\" data-src=\"https:\/\/www.facebook.com\/plugins\/video.php?height=314&amp;href=https%3A%2F%2Fwww.facebook.com%2Feldiario.desanpedro%2Fvideos%2F1641410009372046%2F&amp;show_text=false&amp;width=560\" width=\"560\" height=\"314\" frameborder=\"0\" scrolling=\"no\" allowfullscreen=\"allowfullscreen\" src=\"data:image\/svg+xml;base64,PHN2ZyB3aWR0aD0iMSIgaGVpZ2h0PSIxIiB4bWxucz0iaHR0cDovL3d3dy53My5vcmcvMjAwMC9zdmciPjwvc3ZnPg==\" class=\"lazyload\" data-load-mode=\"1\"><\/iframe><\/p>","protected":false},"excerpt":{"rendered":"<p>Este jueves, autoconvocados\/as y agrupaciones ambientalistas de San Pedro se dieron cita en las puertas de la Municipalidad. Realizaron una sentada y entregaron una nota solicitando informes sobre las acciones realizadas tras los incendios en jurisdicci\u00f3n local y el relevamiento de da\u00f1os. Ninguna autoridad municipal los recibi\u00f3. Este jueves se concret\u00f3 una sentada en reclamo [&hellip;]<\/p>\n","protected":false},"author":4,"featured_media":84678,"comment_status":"open","ping_status":"closed","sticky":false,"template":"","format":"standard","meta":{"om_disable_all_campaigns":false,"_jetpack_memberships_contains_paid_content":false,"footnotes":""},"categories":[50,101,2],"tags":[],"class_list":["post-84677","post","type-post","status-publish","format-standard","has-post-thumbnail","hentry","category-destacadas","category-interes-general-locales","category-locales"],"aioseo_notices":[],"gutentor_comment":0,"jetpack_featured_media_url":"https:\/\/eldiariodesanpedro.com.ar\/sitio\/wp-content\/uploads\/2020\/12\/131928198_1459934897548978_5955286902698702570_o.jpg","jetpack_shortlink":"https:\/\/wp.me\/p6RhLt-m1L","jetpack_sharing_enabled":true,"_links":{"self":[{"href":"https:\/\/eldiariodesanpedro.com.ar\/sitio\/wp-json\/wp\/v2\/posts\/84677","targetHints":{"allow":["GET"]}}],"collection":[{"href":"https:\/\/eldiariodesanpedro.com.ar\/sitio\/wp-json\/wp\/v2\/posts"}],"about":[{"href":"https:\/\/eldiariodesanpedro.com.ar\/sitio\/wp-json\/wp\/v2\/types\/post"}],"author":[{"embeddable":true,"href":"https:\/\/eldiariodesanpedro.com.ar\/sitio\/wp-json\/wp\/v2\/users\/4"}],"replies":[{"embeddable":true,"href":"https:\/\/eldiariodesanpedro.com.ar\/sitio\/wp-json\/wp\/v2\/comments?post=84677"}],"version-history":[{"count":1,"href":"https:\/\/eldiariodesanpedro.com.ar\/sitio\/wp-json\/wp\/v2\/posts\/84677\/revisions"}],"predecessor-version":[{"id":84681,"href":"https:\/\/eldiariodesanpedro.com.ar\/sitio\/wp-json\/wp\/v2\/posts\/84677\/revisions\/84681"}],"wp:featuredmedia":[{"embeddable":true,"href":"https:\/\/eldiariodesanpedro.com.ar\/sitio\/wp-json\/wp\/v2\/media\/84678"}],"wp:attachment":[{"href":"https:\/\/eldiariodesanpedro.com.ar\/sitio\/wp-json\/wp\/v2\/media?parent=84677"}],"wp:term":[{"taxonomy":"category","embeddable":true,"href":"https:\/\/eldiariodesanpedro.com.ar\/sitio\/wp-json\/wp\/v2\/categories?post=84677"},{"taxonomy":"post_tag","embeddable":true,"href":"https:\/\/eldiariodesanpedro.com.ar\/sitio\/wp-json\/wp\/v2\/tags?post=84677"}],"curies":[{"name":"wp","href":"https:\/\/api.w.org\/{rel}","templated":true}]}}