{"id":84661,"date":"2020-12-17T10:00:46","date_gmt":"2020-12-17T13:00:46","guid":{"rendered":"https:\/\/eldiariodesanpedro.com.ar\/sitio\/?p=84661"},"modified":"2020-12-17T10:00:47","modified_gmt":"2020-12-17T13:00:47","slug":"una-nina-con-lesiones-en-un-accidente-entre-dos-automoviles","status":"publish","type":"post","link":"https:\/\/eldiariodesanpedro.com.ar\/sitio\/una-nina-con-lesiones-en-un-accidente-entre-dos-automoviles\/","title":{"rendered":"Una ni\u00f1a con lesiones en un accidente entre dos autom\u00f3viles"},"content":{"rendered":"<!-- VideographyWP Plugin Message: Automatic video embedding prevented by plugin options. -->\n\n<p>Ocurri\u00f3 este mi\u00e9rcoles en horas de la tarde cuando dos autom\u00f3viles colisionaron teniendo como resultado una ni\u00f1a y una mujer heridas trasladadas por el SAME.<\/p>\n\n\n\n<p>El grave incidente de tr\u00e1nsito ocurri\u00f3 en la tarde de este mi\u00e9rcoles en la intersecci\u00f3n de las calles Salta y Laprida. Por causas que se tratan de establecer, dos autom\u00f3viles colisionaron.<\/p>\n\n\n\n<p>Como consecuencia de ello, una mujer sufri\u00f3 un traumatismo en su pierna izquierda, y un golpe leve en la cabeza y una ni\u00f1a de unos 5 a\u00f1os, un traumatismo leve en el pecho.<\/p>\n\n\n\n<p>Ambas personas fueron trasladas al nosocomio local.<\/p>\n","protected":false},"excerpt":{"rendered":"<p>Ocurri\u00f3 este mi\u00e9rcoles en horas de la tarde cuando dos autom\u00f3viles colisionaron teniendo como resultado una ni\u00f1a y una mujer heridas trasladadas por el SAME. El grave incidente de tr\u00e1nsito ocurri\u00f3 en la tarde de este mi\u00e9rcoles en la intersecci\u00f3n de las calles Salta y Laprida. Por causas que se tratan de establecer, dos autom\u00f3viles [&hellip;]<\/p>\n","protected":false},"author":4,"featured_media":84662,"comment_status":"open","ping_status":"closed","sticky":false,"template":"","format":"standard","meta":{"om_disable_all_campaigns":false,"_jetpack_memberships_contains_paid_content":false,"footnotes":""},"categories":[50,2,103],"tags":[24,19,1994],"class_list":["post-84661","post","type-post","status-publish","format-standard","has-post-thumbnail","hentry","category-destacadas","category-locales","category-policiales-locales","tag-accidente","tag-san-pedro","tag-una-nina-con-lesiones-en-un-accidente-entre-dos-automoviles"],"aioseo_notices":[],"gutentor_comment":0,"jetpack_featured_media_url":"https:\/\/eldiariodesanpedro.com.ar\/sitio\/wp-content\/uploads\/2020\/12\/131902455_389358505705294_4649556542729071732_n.jpg","jetpack_shortlink":"https:\/\/wp.me\/p6RhLt-m1v","jetpack_sharing_enabled":true,"_links":{"self":[{"href":"https:\/\/eldiariodesanpedro.com.ar\/sitio\/wp-json\/wp\/v2\/posts\/84661","targetHints":{"allow":["GET"]}}],"collection":[{"href":"https:\/\/eldiariodesanpedro.com.ar\/sitio\/wp-json\/wp\/v2\/posts"}],"about":[{"href":"https:\/\/eldiariodesanpedro.com.ar\/sitio\/wp-json\/wp\/v2\/types\/post"}],"author":[{"embeddable":true,"href":"https:\/\/eldiariodesanpedro.com.ar\/sitio\/wp-json\/wp\/v2\/users\/4"}],"replies":[{"embeddable":true,"href":"https:\/\/eldiariodesanpedro.com.ar\/sitio\/wp-json\/wp\/v2\/comments?post=84661"}],"version-history":[{"count":1,"href":"https:\/\/eldiariodesanpedro.com.ar\/sitio\/wp-json\/wp\/v2\/posts\/84661\/revisions"}],"predecessor-version":[{"id":84663,"href":"https:\/\/eldiariodesanpedro.com.ar\/sitio\/wp-json\/wp\/v2\/posts\/84661\/revisions\/84663"}],"wp:featuredmedia":[{"embeddable":true,"href":"https:\/\/eldiariodesanpedro.com.ar\/sitio\/wp-json\/wp\/v2\/media\/84662"}],"wp:attachment":[{"href":"https:\/\/eldiariodesanpedro.com.ar\/sitio\/wp-json\/wp\/v2\/media?parent=84661"}],"wp:term":[{"taxonomy":"category","embeddable":true,"href":"https:\/\/eldiariodesanpedro.com.ar\/sitio\/wp-json\/wp\/v2\/categories?post=84661"},{"taxonomy":"post_tag","embeddable":true,"href":"https:\/\/eldiariodesanpedro.com.ar\/sitio\/wp-json\/wp\/v2\/tags?post=84661"}],"curies":[{"name":"wp","href":"https:\/\/api.w.org\/{rel}","templated":true}]}}