{"id":84644,"date":"2020-12-16T20:11:48","date_gmt":"2020-12-16T23:11:48","guid":{"rendered":"https:\/\/eldiariodesanpedro.com.ar\/sitio\/?p=84644"},"modified":"2020-12-16T20:11:52","modified_gmt":"2020-12-16T23:11:52","slug":"la-provincia-habilita-boliches-ante-el-desborde-de-fiestas-clandestinas","status":"publish","type":"post","link":"https:\/\/eldiariodesanpedro.com.ar\/sitio\/la-provincia-habilita-boliches-ante-el-desborde-de-fiestas-clandestinas\/","title":{"rendered":"La Provincia habilita boliches ante el desborde de fiestas clandestinas"},"content":{"rendered":"<!-- VideographyWP Plugin Message: Automatic video embedding prevented by plugin options. -->\n\n<p>Se permitir\u00e1 la reapertura de locales con un 30% del aforo y un m\u00e1ximo de 200 personas. Incluir\u00e1 a salones y casas de fiestas. Trabajan con los municipios en la confecci\u00f3n de los protocolos.<\/p>\n\n\n\n<p>La preocupaci\u00f3n por la situaci\u00f3n epidemiol\u00f3gica en la provincia de Buenos Aires qued\u00f3 marcada esta ma\u00f1ana, cuando el jefe de Gabinete, Carlos Bianco, y el ministro de Salud, Daniel Gollan, comandaron una nueva conferencia de prensa para mostrar los datos y trazar un cuadro de situaci\u00f3n.<\/p>\n\n\n\n<p>El incremento de casos de coronavirus en algunos distritos bonaerenses, o la detenci\u00f3n en la curva descendente de casos en el AMBA, hicieron saltar las alarmas respecto de los pr\u00f3ximos d\u00edas, en los que los argentinos estar\u00e1n celebrando la Navidad y el A\u00f1o Nuevo.<\/p>\n\n\n\n<p>Desde el Gobierno de Axel Kicillof hicieron hincapi\u00e9 en un punto que consideran preocupante, como es el de las reiteradas fiestas clandestinas que tienen lugar en ciudades y pueblos de la Provincia, consideradas uno de los focos principales de contagios.<\/p>\n\n\n\n<p>En tal sentido, Bianco sostuvo que, desde hace varios d\u00edas, trabajan con los 135 distritos provinciales en protocolos para permitir la reapertura de boliches bailables, con controles de la Provincia y de los propios distritos.<\/p>\n\n\n\n<p>Seg\u00fan anunci\u00f3, en los locales nocturnos se permitir\u00e1 un aforo del 30% de la capacidad del lugar, con un m\u00e1ximo de 200 personas, como una manera de descomprimir el entretenimiento nocturno, y alcanzar\u00e1 a salones y casas de fiestas.<\/p>\n\n\n\n<p>Esta ma\u00f1ana, los funcionarios se\u00f1alaron que, por primera vez en varias semanas, la Provincia vuelve a tener municipios en Fase 3. Se trata de Col\u00f3n, Bol\u00edvar y Rauch, que registraron incrementos de casos de covid.19<\/p>\n\n\n\n<p>\u201cEsto no tiene que verse como un castigo, se tiene que ver por la positiva, a la poblaci\u00f3n la estamos cuidando. Y en esa pol\u00edtica de cuidados estamos restringiendo algunas actividades para controlar el brote y pasar una fiesta lo m\u00e1s normal posible\u00bb, explic\u00f3 Bianco.<\/p>\n\n\n\n<p>Fuente: <a href=\"https:\/\/www.latecla.info\/117356-la-provincia-habilita-boliches-ante-el-desborde-de-fies\">La Tecla<\/a><\/p>\n","protected":false},"excerpt":{"rendered":"<p>Se permitir\u00e1 la reapertura de locales con un 30% del aforo y un m\u00e1ximo de 200 personas. Incluir\u00e1 a salones y casas de fiestas. Trabajan con los municipios en la confecci\u00f3n de los protocolos. La preocupaci\u00f3n por la situaci\u00f3n epidemiol\u00f3gica en la provincia de Buenos Aires qued\u00f3 marcada esta ma\u00f1ana, cuando el jefe de Gabinete, [&hellip;]<\/p>\n","protected":false},"author":4,"featured_media":84645,"comment_status":"open","ping_status":"closed","sticky":false,"template":"","format":"standard","meta":{"om_disable_all_campaigns":false,"_jetpack_memberships_contains_paid_content":false,"footnotes":""},"categories":[50,101,2],"tags":[],"class_list":["post-84644","post","type-post","status-publish","format-standard","has-post-thumbnail","hentry","category-destacadas","category-interes-general-locales","category-locales"],"aioseo_notices":[],"gutentor_comment":0,"jetpack_featured_media_url":"https:\/\/eldiariodesanpedro.com.ar\/sitio\/wp-content\/uploads\/2020\/12\/ezeizajpg.jpg","jetpack_shortlink":"https:\/\/wp.me\/p6RhLt-m1e","jetpack_sharing_enabled":true,"_links":{"self":[{"href":"https:\/\/eldiariodesanpedro.com.ar\/sitio\/wp-json\/wp\/v2\/posts\/84644","targetHints":{"allow":["GET"]}}],"collection":[{"href":"https:\/\/eldiariodesanpedro.com.ar\/sitio\/wp-json\/wp\/v2\/posts"}],"about":[{"href":"https:\/\/eldiariodesanpedro.com.ar\/sitio\/wp-json\/wp\/v2\/types\/post"}],"author":[{"embeddable":true,"href":"https:\/\/eldiariodesanpedro.com.ar\/sitio\/wp-json\/wp\/v2\/users\/4"}],"replies":[{"embeddable":true,"href":"https:\/\/eldiariodesanpedro.com.ar\/sitio\/wp-json\/wp\/v2\/comments?post=84644"}],"version-history":[{"count":1,"href":"https:\/\/eldiariodesanpedro.com.ar\/sitio\/wp-json\/wp\/v2\/posts\/84644\/revisions"}],"predecessor-version":[{"id":84646,"href":"https:\/\/eldiariodesanpedro.com.ar\/sitio\/wp-json\/wp\/v2\/posts\/84644\/revisions\/84646"}],"wp:featuredmedia":[{"embeddable":true,"href":"https:\/\/eldiariodesanpedro.com.ar\/sitio\/wp-json\/wp\/v2\/media\/84645"}],"wp:attachment":[{"href":"https:\/\/eldiariodesanpedro.com.ar\/sitio\/wp-json\/wp\/v2\/media?parent=84644"}],"wp:term":[{"taxonomy":"category","embeddable":true,"href":"https:\/\/eldiariodesanpedro.com.ar\/sitio\/wp-json\/wp\/v2\/categories?post=84644"},{"taxonomy":"post_tag","embeddable":true,"href":"https:\/\/eldiariodesanpedro.com.ar\/sitio\/wp-json\/wp\/v2\/tags?post=84644"}],"curies":[{"name":"wp","href":"https:\/\/api.w.org\/{rel}","templated":true}]}}