{"id":84634,"date":"2020-12-16T10:16:04","date_gmt":"2020-12-16T13:16:04","guid":{"rendered":"https:\/\/eldiariodesanpedro.com.ar\/sitio\/?p=84634"},"modified":"2020-12-16T10:16:05","modified_gmt":"2020-12-16T13:16:05","slug":"allanamientos-y-secuestros-de-armas-de-fuego-en-castro","status":"publish","type":"post","link":"https:\/\/eldiariodesanpedro.com.ar\/sitio\/allanamientos-y-secuestros-de-armas-de-fuego-en-castro\/","title":{"rendered":"Allanamientos y secuestros de armas de fuego en Castro"},"content":{"rendered":"<!-- VideographyWP Plugin Message: Automatic video embedding prevented by plugin options. -->\n\n<p>En la tarde de ayer personal policial, en un amplio operativo policial, dio cumplimiento a \u00f3rdenes de allanamientos extendidas por la justicia ordinaria para seis domicilios de la localidad de Gobernador Castro en en el marco de hecho de abuso de armas iniciadas en el destacamento policial de la localidad.&nbsp;<\/p>\n\n\n\n<p>Como resultancias se secuestraron dos armas de fuego, una tipo escopeta y la restante de fabricaci\u00f3n casera, varios cartuchos, plantas de marihuana, y la aprehensi\u00f3n de tres masculinos mayores de edad imputados no solo del delito de portaci\u00f3n ilegal de armas de fuego sino por resistirse durante la diligencia judicial, entorpeciendo la manda judicial.<\/p>\n\n\n\n<p>Los mismos permanecen alojados en sede policial. investiga la justicia local<\/p>\n","protected":false},"excerpt":{"rendered":"<p>En la tarde de ayer personal policial, en un amplio operativo policial, dio cumplimiento a \u00f3rdenes de allanamientos extendidas por la justicia ordinaria para seis domicilios de la localidad de Gobernador Castro en en el marco de hecho de abuso de armas iniciadas en el destacamento policial de la localidad.&nbsp; Como resultancias se secuestraron dos [&hellip;]<\/p>\n","protected":false},"author":4,"featured_media":84635,"comment_status":"open","ping_status":"closed","sticky":false,"template":"","format":"standard","meta":{"om_disable_all_campaigns":false,"_jetpack_memberships_contains_paid_content":false,"footnotes":""},"categories":[50,2,103],"tags":[],"class_list":["post-84634","post","type-post","status-publish","format-standard","has-post-thumbnail","hentry","category-destacadas","category-locales","category-policiales-locales"],"aioseo_notices":[],"gutentor_comment":0,"jetpack_featured_media_url":"https:\/\/eldiariodesanpedro.com.ar\/sitio\/wp-content\/uploads\/2020\/12\/WhatsApp-Image-2020-12-16-at-09.37.39.jpeg","jetpack_shortlink":"https:\/\/wp.me\/p6RhLt-m14","jetpack_sharing_enabled":true,"_links":{"self":[{"href":"https:\/\/eldiariodesanpedro.com.ar\/sitio\/wp-json\/wp\/v2\/posts\/84634","targetHints":{"allow":["GET"]}}],"collection":[{"href":"https:\/\/eldiariodesanpedro.com.ar\/sitio\/wp-json\/wp\/v2\/posts"}],"about":[{"href":"https:\/\/eldiariodesanpedro.com.ar\/sitio\/wp-json\/wp\/v2\/types\/post"}],"author":[{"embeddable":true,"href":"https:\/\/eldiariodesanpedro.com.ar\/sitio\/wp-json\/wp\/v2\/users\/4"}],"replies":[{"embeddable":true,"href":"https:\/\/eldiariodesanpedro.com.ar\/sitio\/wp-json\/wp\/v2\/comments?post=84634"}],"version-history":[{"count":1,"href":"https:\/\/eldiariodesanpedro.com.ar\/sitio\/wp-json\/wp\/v2\/posts\/84634\/revisions"}],"predecessor-version":[{"id":84636,"href":"https:\/\/eldiariodesanpedro.com.ar\/sitio\/wp-json\/wp\/v2\/posts\/84634\/revisions\/84636"}],"wp:featuredmedia":[{"embeddable":true,"href":"https:\/\/eldiariodesanpedro.com.ar\/sitio\/wp-json\/wp\/v2\/media\/84635"}],"wp:attachment":[{"href":"https:\/\/eldiariodesanpedro.com.ar\/sitio\/wp-json\/wp\/v2\/media?parent=84634"}],"wp:term":[{"taxonomy":"category","embeddable":true,"href":"https:\/\/eldiariodesanpedro.com.ar\/sitio\/wp-json\/wp\/v2\/categories?post=84634"},{"taxonomy":"post_tag","embeddable":true,"href":"https:\/\/eldiariodesanpedro.com.ar\/sitio\/wp-json\/wp\/v2\/tags?post=84634"}],"curies":[{"name":"wp","href":"https:\/\/api.w.org\/{rel}","templated":true}]}}