{"id":84631,"date":"2020-12-16T10:07:23","date_gmt":"2020-12-16T13:07:23","guid":{"rendered":"https:\/\/eldiariodesanpedro.com.ar\/sitio\/?p=84631"},"modified":"2020-12-16T10:07:27","modified_gmt":"2020-12-16T13:07:27","slug":"nueva-prorroga-para-las-licencias-de-conducir","status":"publish","type":"post","link":"https:\/\/eldiariodesanpedro.com.ar\/sitio\/nueva-prorroga-para-las-licencias-de-conducir\/","title":{"rendered":"Nueva pr\u00f3rroga para las licencias de conducir"},"content":{"rendered":"<!-- VideographyWP Plugin Message: Automatic video embedding prevented by plugin options. -->\n\n<p>Se oficializ\u00f3 la extensi\u00f3n por 90 d\u00edas corridos al vencimiento de las licencias que operan entre el primer d\u00eda del a\u00f1o entrante y el 31 de marzo de 2021.<\/p>\n\n\n\n<p>La Direcci\u00f3n Provincial de Pol\u00edtica y Seguridad Vial bonaerense prorrog\u00f3 por 90 d\u00edas corridos el vencimiento de las licencias de conducir que operen entre el 1\u00ba de enero y 31 de marzo de 2021.<\/p>\n\n\n\n<p>En un comunicado, se especific\u00f3 que el aplazamiento de la caducidad deber\u00e1 contarse a partir de la fecha original de su vencimiento.<\/p>\n\n\n\n<p>Anteriormente, mediante la disposici\u00f3n N\u00ba 34, el organismo hab\u00eda dispuesto las pr\u00f3rrogas por 365 d\u00edas de las licencias habilitantes con fecha de expiraci\u00f3n comprendida entre el 15 de febrero y el 31 de diciembre de 2020, inclusive.<\/p>\n\n\n\n<p>Las medidas fueron tomadas en el marco de la emergencia sanitaria por la que atraviesa la provincia de Buenos Aires, y con la finalidad de evitar la aglomeraci\u00f3n de personas en los centros emisores de licencias, ayudando a tomar los recaudos necesarios para evitar la propagaci\u00f3n del Covid-19.<\/p>\n\n\n\n<p>Mientras tanto, los ciudadanos bonaerenses pueden realizar consultas y evacuar dudas a trav\u00e9s de los canales virtuales dispuestos por el organismo provincial.<\/p>\n","protected":false},"excerpt":{"rendered":"<p>Se oficializ\u00f3 la extensi\u00f3n por 90 d\u00edas corridos al vencimiento de las licencias que operan entre el primer d\u00eda del a\u00f1o entrante y el 31 de marzo de 2021. La Direcci\u00f3n Provincial de Pol\u00edtica y Seguridad Vial bonaerense prorrog\u00f3 por 90 d\u00edas corridos el vencimiento de las licencias de conducir que operen entre el 1\u00ba [&hellip;]<\/p>\n","protected":false},"author":4,"featured_media":84632,"comment_status":"open","ping_status":"closed","sticky":false,"template":"","format":"standard","meta":{"om_disable_all_campaigns":false,"_jetpack_memberships_contains_paid_content":false,"footnotes":""},"categories":[101,2],"tags":[1990],"class_list":["post-84631","post","type-post","status-publish","format-standard","has-post-thumbnail","hentry","category-interes-general-locales","category-locales","tag-nueva-prorroga-para-las-licencias-de-conducir"],"aioseo_notices":[],"gutentor_comment":0,"jetpack_featured_media_url":"https:\/\/eldiariodesanpedro.com.ar\/sitio\/wp-content\/uploads\/2020\/12\/000088891.jpg","jetpack_shortlink":"https:\/\/wp.me\/p6RhLt-m11","jetpack_sharing_enabled":true,"_links":{"self":[{"href":"https:\/\/eldiariodesanpedro.com.ar\/sitio\/wp-json\/wp\/v2\/posts\/84631","targetHints":{"allow":["GET"]}}],"collection":[{"href":"https:\/\/eldiariodesanpedro.com.ar\/sitio\/wp-json\/wp\/v2\/posts"}],"about":[{"href":"https:\/\/eldiariodesanpedro.com.ar\/sitio\/wp-json\/wp\/v2\/types\/post"}],"author":[{"embeddable":true,"href":"https:\/\/eldiariodesanpedro.com.ar\/sitio\/wp-json\/wp\/v2\/users\/4"}],"replies":[{"embeddable":true,"href":"https:\/\/eldiariodesanpedro.com.ar\/sitio\/wp-json\/wp\/v2\/comments?post=84631"}],"version-history":[{"count":1,"href":"https:\/\/eldiariodesanpedro.com.ar\/sitio\/wp-json\/wp\/v2\/posts\/84631\/revisions"}],"predecessor-version":[{"id":84633,"href":"https:\/\/eldiariodesanpedro.com.ar\/sitio\/wp-json\/wp\/v2\/posts\/84631\/revisions\/84633"}],"wp:featuredmedia":[{"embeddable":true,"href":"https:\/\/eldiariodesanpedro.com.ar\/sitio\/wp-json\/wp\/v2\/media\/84632"}],"wp:attachment":[{"href":"https:\/\/eldiariodesanpedro.com.ar\/sitio\/wp-json\/wp\/v2\/media?parent=84631"}],"wp:term":[{"taxonomy":"category","embeddable":true,"href":"https:\/\/eldiariodesanpedro.com.ar\/sitio\/wp-json\/wp\/v2\/categories?post=84631"},{"taxonomy":"post_tag","embeddable":true,"href":"https:\/\/eldiariodesanpedro.com.ar\/sitio\/wp-json\/wp\/v2\/tags?post=84631"}],"curies":[{"name":"wp","href":"https:\/\/api.w.org\/{rel}","templated":true}]}}