{"id":84629,"date":"2020-12-16T09:56:26","date_gmt":"2020-12-16T12:56:26","guid":{"rendered":"https:\/\/eldiariodesanpedro.com.ar\/sitio\/?p=84629"},"modified":"2020-12-16T09:56:28","modified_gmt":"2020-12-16T12:56:28","slug":"la-policia-recupera-un-stereo-robado","status":"publish","type":"post","link":"https:\/\/eldiariodesanpedro.com.ar\/sitio\/la-policia-recupera-un-stereo-robado\/","title":{"rendered":"La polic\u00eda recupera un stereo robado"},"content":{"rendered":"<!-- VideographyWP Plugin Message: Automatic video embedding prevented by plugin options. -->\n\n<p>En la tarde de ayer el personal policial de la comisar\u00eda local alertado por un llamado al 911 y en un r\u00e1pido accionar en calle G\u00fcemes y Benefactora Sampedrina, procede al secuestro de est\u00e9reo el cual momentos antes es sustra\u00eddo sin violencia por masculino, del interior de un autom\u00f3vil que hall\u00e1base estacionado en calle Manuel Iglesias y Bv Moreno sobre la v\u00eda p\u00fablica propiedad de un ciudadano 22 a\u00f1os.&nbsp;<\/p>\n\n\n\n<p>El delincuente se descart\u00f3 en la fuga del bien sustra\u00eddo, y logr\u00f3 huir, procurando su identificaci\u00f3n y aprehensi\u00f3n.\u00a0<\/p>\n\n\n\n<p>La v\u00edctima radic\u00f3 la denuncia y recuper\u00f3 el est\u00e9reo secuestrado, interviene la justicia local.<\/p>\n","protected":false},"excerpt":{"rendered":"<p>En la tarde de ayer el personal policial de la comisar\u00eda local alertado por un llamado al 911 y en un r\u00e1pido accionar en calle G\u00fcemes y Benefactora Sampedrina, procede al secuestro de est\u00e9reo el cual momentos antes es sustra\u00eddo sin violencia por masculino, del interior de un autom\u00f3vil que hall\u00e1base estacionado en calle Manuel [&hellip;]<\/p>\n","protected":false},"author":4,"featured_media":78774,"comment_status":"open","ping_status":"closed","sticky":false,"template":"","format":"standard","meta":{"om_disable_all_campaigns":false,"_jetpack_memberships_contains_paid_content":false,"footnotes":""},"categories":[2,103],"tags":[197,1989,33,95,1040],"class_list":["post-84629","post","type-post","status-publish","format-standard","has-post-thumbnail","hentry","category-locales","category-policiales-locales","tag-buenos-aires","tag-la-policia-recupera-un-stereo-robado","tag-locales","tag-policiales","tag-san-pedro-buenos-aires"],"aioseo_notices":[],"gutentor_comment":0,"jetpack_featured_media_url":"https:\/\/eldiariodesanpedro.com.ar\/sitio\/wp-content\/uploads\/2020\/08\/Policia-de-noche-2014-695x510-1.jpg","jetpack_shortlink":"https:\/\/wp.me\/p6RhLt-m0Z","jetpack_sharing_enabled":true,"_links":{"self":[{"href":"https:\/\/eldiariodesanpedro.com.ar\/sitio\/wp-json\/wp\/v2\/posts\/84629","targetHints":{"allow":["GET"]}}],"collection":[{"href":"https:\/\/eldiariodesanpedro.com.ar\/sitio\/wp-json\/wp\/v2\/posts"}],"about":[{"href":"https:\/\/eldiariodesanpedro.com.ar\/sitio\/wp-json\/wp\/v2\/types\/post"}],"author":[{"embeddable":true,"href":"https:\/\/eldiariodesanpedro.com.ar\/sitio\/wp-json\/wp\/v2\/users\/4"}],"replies":[{"embeddable":true,"href":"https:\/\/eldiariodesanpedro.com.ar\/sitio\/wp-json\/wp\/v2\/comments?post=84629"}],"version-history":[{"count":1,"href":"https:\/\/eldiariodesanpedro.com.ar\/sitio\/wp-json\/wp\/v2\/posts\/84629\/revisions"}],"predecessor-version":[{"id":84630,"href":"https:\/\/eldiariodesanpedro.com.ar\/sitio\/wp-json\/wp\/v2\/posts\/84629\/revisions\/84630"}],"wp:featuredmedia":[{"embeddable":true,"href":"https:\/\/eldiariodesanpedro.com.ar\/sitio\/wp-json\/wp\/v2\/media\/78774"}],"wp:attachment":[{"href":"https:\/\/eldiariodesanpedro.com.ar\/sitio\/wp-json\/wp\/v2\/media?parent=84629"}],"wp:term":[{"taxonomy":"category","embeddable":true,"href":"https:\/\/eldiariodesanpedro.com.ar\/sitio\/wp-json\/wp\/v2\/categories?post=84629"},{"taxonomy":"post_tag","embeddable":true,"href":"https:\/\/eldiariodesanpedro.com.ar\/sitio\/wp-json\/wp\/v2\/tags?post=84629"}],"curies":[{"name":"wp","href":"https:\/\/api.w.org\/{rel}","templated":true}]}}