{"id":84627,"date":"2020-12-16T09:43:26","date_gmt":"2020-12-16T12:43:26","guid":{"rendered":"https:\/\/eldiariodesanpedro.com.ar\/sitio\/?p=84627"},"modified":"2020-12-16T09:43:30","modified_gmt":"2020-12-16T12:43:30","slug":"anses-cronograma-de-pago-para-hoy-miercoles-2","status":"publish","type":"post","link":"https:\/\/eldiariodesanpedro.com.ar\/sitio\/anses-cronograma-de-pago-para-hoy-miercoles-2\/","title":{"rendered":"Anses: Cronograma de pago para hoy mi\u00e9rcoles"},"content":{"rendered":"<!-- VideographyWP Plugin Message: Automatic video embedding prevented by plugin options. -->\n\n<p><strong>La ANSES, organismo a cargo de Fernanda Raverta, informa que hoy se abonan jubilaciones, pensiones, Asignaci\u00f3n Universal por Hijo y por Embarazo, Asignaciones Familiares, Becas Progresar y Programa Hogar.<\/strong><\/p>\n\n\n\n<p><strong>Jubilaciones y pensiones del Sistema Integrado Previsional Argentino (SIPA)<\/strong><\/p>\n\n\n\n<p>Las sucursales bancarias habilitadas atender\u00e1n por ventanilla solo a los&nbsp;jubilados y pensionados con documentos terminados en&nbsp;<strong>8&nbsp;<\/strong>y&nbsp;<strong>9<\/strong>&nbsp;cuyos<strong>&nbsp;haberes NO superen la suma de $21.393<\/strong>.<\/p>\n\n\n\n<p>En este sentido, si bien estas personas no tienen que solicitar turno previo para cobrar el beneficio,&nbsp;deben acercarse a la sucursal bancaria \u00fanicamente en la fecha asignada. Cabe recordar que los haberes permanecer\u00e1n depositados en sus cuentas.<\/p>\n\n\n\n<p><strong>Asignaci\u00f3n Universal por Hijo&nbsp;<\/strong><strong>(AUH)<\/strong><\/p>\n\n\n\n<p><strong>Hoy se paga la AUH para los titulares con documentos finalizados en<\/strong><strong>&nbsp;4<\/strong><strong>, quienes, a su vez, cobran el plus del 20 por ciento acumulado a lo largo del a\u00f1o.<\/strong><strong><\/strong><\/p>\n\n\n\n<p><strong>Asignaci\u00f3n Familiar por Hijo y Asignaci\u00f3n Universal por Embarazo (AUE<\/strong><strong>)<\/strong><strong><\/strong><strong><\/strong><\/p>\n\n\n\n<p>Con la utilizaci\u00f3n de la tarjeta de d\u00e9bito, hoy perciben la Asignaci\u00f3n Universal por Embarazo y la Asignaci\u00f3n Familiar por Hijo los titulares con documentos concluidos en&nbsp;<strong>4<\/strong>.<\/p>\n\n\n\n<p><strong>Asignaciones por Prenatal y por Maternidad<\/strong><\/p>\n\n\n\n<p>Las titulares de la Asignaci\u00f3n por Prenatal y Asignaci\u00f3n por Maternidad con documentos terminados en&nbsp;<strong>2&nbsp;<\/strong>y<strong>&nbsp;3<\/strong>&nbsp;cobran hoy su prestaci\u00f3n.<\/p>\n\n\n\n<p><strong>Becas Progresar<\/strong><\/p>\n\n\n\n<p>La ANSES junto con el Ministerio de Educaci\u00f3n garantizan el derecho de terminar sus estudios a los j\u00f3venes argentinos mediante las Becas Progresar. Hoy cobran los titulares con documentos finalizados en&nbsp;<strong>8<\/strong>&nbsp;y&nbsp;<strong>9<\/strong>.<\/p>\n\n\n\n<p><strong>Programa Hogar<\/strong><\/p>\n\n\n\n<p>La ANSES y la Secretar\u00eda de Energ\u00eda impulsan en conjunto el Programa Hogar, mediante el cual se otorga un subsidio para la compra de garrafas en viviendas que no est\u00e1n conectadas a la red de gas natural. Hoy cobran este beneficio las personas con documentos concluidos en&nbsp;<strong>5<\/strong>.<\/p>\n\n\n\n<p><strong><a href=\"http:\/\/www.anses.gob.ar\/\" target=\"_blank\" rel=\"noreferrer noopener\">www.anses.gob.ar<\/a><\/strong><\/p>\n","protected":false},"excerpt":{"rendered":"<p>La ANSES, organismo a cargo de Fernanda Raverta, informa que hoy se abonan jubilaciones, pensiones, Asignaci\u00f3n Universal por Hijo y por Embarazo, Asignaciones Familiares, Becas Progresar y Programa Hogar. Jubilaciones y pensiones del Sistema Integrado Previsional Argentino (SIPA) Las sucursales bancarias habilitadas atender\u00e1n por ventanilla solo a los&nbsp;jubilados y pensionados con documentos terminados en&nbsp;8&nbsp;y&nbsp;9&nbsp;cuyos&nbsp;haberes NO [&hellip;]<\/p>\n","protected":false},"author":4,"featured_media":74872,"comment_status":"open","ping_status":"closed","sticky":false,"template":"","format":"standard","meta":{"om_disable_all_campaigns":false,"_jetpack_memberships_contains_paid_content":false,"footnotes":""},"categories":[101,2],"tags":[602,1979],"class_list":["post-84627","post","type-post","status-publish","format-standard","has-post-thumbnail","hentry","category-interes-general-locales","category-locales","tag-anses","tag-cronograma-anses"],"aioseo_notices":[],"gutentor_comment":0,"jetpack_featured_media_url":"https:\/\/eldiariodesanpedro.com.ar\/sitio\/wp-content\/uploads\/2020\/06\/SM-anses-07052020.jpeg","jetpack_shortlink":"https:\/\/wp.me\/p6RhLt-m0X","jetpack_sharing_enabled":true,"_links":{"self":[{"href":"https:\/\/eldiariodesanpedro.com.ar\/sitio\/wp-json\/wp\/v2\/posts\/84627","targetHints":{"allow":["GET"]}}],"collection":[{"href":"https:\/\/eldiariodesanpedro.com.ar\/sitio\/wp-json\/wp\/v2\/posts"}],"about":[{"href":"https:\/\/eldiariodesanpedro.com.ar\/sitio\/wp-json\/wp\/v2\/types\/post"}],"author":[{"embeddable":true,"href":"https:\/\/eldiariodesanpedro.com.ar\/sitio\/wp-json\/wp\/v2\/users\/4"}],"replies":[{"embeddable":true,"href":"https:\/\/eldiariodesanpedro.com.ar\/sitio\/wp-json\/wp\/v2\/comments?post=84627"}],"version-history":[{"count":1,"href":"https:\/\/eldiariodesanpedro.com.ar\/sitio\/wp-json\/wp\/v2\/posts\/84627\/revisions"}],"predecessor-version":[{"id":84628,"href":"https:\/\/eldiariodesanpedro.com.ar\/sitio\/wp-json\/wp\/v2\/posts\/84627\/revisions\/84628"}],"wp:featuredmedia":[{"embeddable":true,"href":"https:\/\/eldiariodesanpedro.com.ar\/sitio\/wp-json\/wp\/v2\/media\/74872"}],"wp:attachment":[{"href":"https:\/\/eldiariodesanpedro.com.ar\/sitio\/wp-json\/wp\/v2\/media?parent=84627"}],"wp:term":[{"taxonomy":"category","embeddable":true,"href":"https:\/\/eldiariodesanpedro.com.ar\/sitio\/wp-json\/wp\/v2\/categories?post=84627"},{"taxonomy":"post_tag","embeddable":true,"href":"https:\/\/eldiariodesanpedro.com.ar\/sitio\/wp-json\/wp\/v2\/tags?post=84627"}],"curies":[{"name":"wp","href":"https:\/\/api.w.org\/{rel}","templated":true}]}}