{"id":84619,"date":"2020-12-15T21:43:03","date_gmt":"2020-12-16T00:43:03","guid":{"rendered":"https:\/\/eldiariodesanpedro.com.ar\/sitio\/?p=84619"},"modified":"2020-12-15T21:43:05","modified_gmt":"2020-12-16T00:43:05","slug":"el-ministro-de-la-produccion-se-reunio-con-el-intendente-y-visito-el-hotel-spa-azahar","status":"publish","type":"post","link":"https:\/\/eldiariodesanpedro.com.ar\/sitio\/el-ministro-de-la-produccion-se-reunio-con-el-intendente-y-visito-el-hotel-spa-azahar\/","title":{"rendered":"El Ministro de la Producci\u00f3n se reuni\u00f3 con el Intendente y visit\u00f3 el Hotel Spa Azahar"},"content":{"rendered":"<!-- VideographyWP Plugin Message: Automatic video embedding prevented by plugin options. -->\n\n<p>El Ministro de la Producci\u00f3n de la Provincia de Buenos Aires Augusto Costa, la Subsecretaria de Turismo de la Provincia de Buenos Ianina Bak y la Subsecretaria de Industria, Pymes y Cooperativas Mariela Bembi, visitaron San Pedro esta tarde, para mantener una reuni\u00f3n con el Intendente Cecilio Salazar y realizar una recorrida por el Hotel Spa \u00abAzahar\u00bb, que contin\u00faa avanzando con su construcci\u00f3n.<\/p>\n\n\n\n<p>En primer t\u00e9rmino, el Ministro mantuvo una reuni\u00f3n con el jefe comunal para analizar cuestiones relacionadas con las perspectivas del a\u00f1o pr\u00f3ximo en las \u00e1reas que tiene a su cargo, ratificando el apoyo total a proyecci\u00f3n y promoci\u00f3n de San Pedro, y su inclusi\u00f3n en diferentes programas con los que el gobierno de la Provincia de Buenos Aires, est\u00e1 respaldando estas actividades como ejes fundamentales de la actividad econ\u00f3mica.<\/p>\n\n\n\n<p>Adem\u00e1s destac\u00f3 la importancia de haber tomado la decisi\u00f3n de convertir al \u00e1rea tur\u00edstica en Secretar\u00eda para ampliar sus posibilidades y respaldar una pol\u00edtica m\u00e1s intensa en este sentido.<\/p>\n\n\n\n<p>Antes de dirigirse al Hotel Azahar, mantuvo tambi\u00e9n una charla con el Presidente del Consorcio de Gesti\u00f3n del Puerto Eliseo Almada y luego, junto a las subsecretarias que fueron parte de la visita, continu\u00f3 con la agenda acompa\u00f1ado por el Intendente, el Secretario de Coordinaci\u00f3n Dr. Ram\u00f3n Salazar, la Directora de Turismo, Marcela Cu\u00f1er , el presidente del bloque de concejales del Frente de Todos Mart\u00edn Baraybar y el Senador Provincial Facundo Ballesteros del mismo espacio, que form\u00f3 parte de la comitiva.<\/p>\n\n\n\n<p>En las instalaciones ubicadas en M\u00e1ximo Mill\u00e1n y R\u00f3mulo Na\u00f3n fue recibido por Juan Fera, uno de los propietarios de la empresa, quien junto al encargado de la obra Walter Ceriani e integrantes del equipo profesional que lleva adelante las tareas en este momento, los gui\u00f3 por los diferentes sectores de la imponente construcci\u00f3n que sigue avanzando por etapas, con intenciones de poder inaugurar hacia fines del a\u00f1o pr\u00f3ximo.<\/p>\n\n\n\n<p>Uno de los puntos centrales de la recorrida fue el Sal\u00f3n de Eventos que con una capacidad e infraestructura tecnol\u00f3gica se convertir\u00e1 en un nuevo punto de referencia en la regi\u00f3n.<\/p>\n\n\n\n<p>Tambi\u00e9n visitaron los sectores destinados al Spa que, del mismo modo, apunta a ofrecer una alta calidad de servicio que formar\u00e1 parte de la propuesta con la que jerarquizar\u00e1n la oferta tur\u00edstica con diferentes prop\u00f3sitos.<\/p>\n\n\n\n<p>Antes de retirarse de San Pedro, Costa particip\u00f3 desde el despacho del Intendente de una reuni\u00f3n nacional de Ministros de la Producci\u00f3n con autoridades nacionales y confirm\u00f3 que regresar\u00e1 a la zona pr\u00f3ximamente para concretar otras visitas pendientes.<\/p>\n\n\n\n<figure class=\"wp-block-image size-large\"><img decoding=\"async\" width=\"1024\" height=\"682\" data-attachment-id=\"84621\" data-permalink=\"https:\/\/eldiariodesanpedro.com.ar\/sitio\/el-ministro-de-la-produccion-se-reunio-con-el-intendente-y-visito-el-hotel-spa-azahar\/131889847_3554721934583770_6545000253054311997_n\/\" data-orig-file=\"https:\/\/eldiariodesanpedro.com.ar\/sitio\/wp-content\/uploads\/2020\/12\/131889847_3554721934583770_6545000253054311997_n.jpg\" data-orig-size=\"1280,853\" data-comments-opened=\"1\" data-image-meta=\"{&quot;aperture&quot;:&quot;0&quot;,&quot;credit&quot;:&quot;&quot;,&quot;camera&quot;:&quot;&quot;,&quot;caption&quot;:&quot;&quot;,&quot;created_timestamp&quot;:&quot;0&quot;,&quot;copyright&quot;:&quot;&quot;,&quot;focal_length&quot;:&quot;0&quot;,&quot;iso&quot;:&quot;0&quot;,&quot;shutter_speed&quot;:&quot;0&quot;,&quot;title&quot;:&quot;&quot;,&quot;orientation&quot;:&quot;0&quot;}\" data-image-title=\"131889847_3554721934583770_6545000253054311997_n\" data-image-description=\"\" data-image-caption=\"\" data-large-file=\"https:\/\/eldiariodesanpedro.com.ar\/sitio\/wp-content\/uploads\/2020\/12\/131889847_3554721934583770_6545000253054311997_n-1024x682.jpg\" data-src=\"https:\/\/eldiariodesanpedro.com.ar\/sitio\/wp-content\/uploads\/2020\/12\/131889847_3554721934583770_6545000253054311997_n-1024x682.jpg\" alt=\"\" class=\"wp-image-84621 lazyload\" data-srcset=\"https:\/\/eldiariodesanpedro.com.ar\/sitio\/wp-content\/uploads\/2020\/12\/131889847_3554721934583770_6545000253054311997_n-1024x682.jpg 1024w, https:\/\/eldiariodesanpedro.com.ar\/sitio\/wp-content\/uploads\/2020\/12\/131889847_3554721934583770_6545000253054311997_n-300x200.jpg 300w, https:\/\/eldiariodesanpedro.com.ar\/sitio\/wp-content\/uploads\/2020\/12\/131889847_3554721934583770_6545000253054311997_n-768x512.jpg 768w, https:\/\/eldiariodesanpedro.com.ar\/sitio\/wp-content\/uploads\/2020\/12\/131889847_3554721934583770_6545000253054311997_n.jpg 1280w\" data-sizes=\"(max-width: 1024px) 100vw, 1024px\" src=\"data:image\/svg+xml;base64,PHN2ZyB3aWR0aD0iMSIgaGVpZ2h0PSIxIiB4bWxucz0iaHR0cDovL3d3dy53My5vcmcvMjAwMC9zdmciPjwvc3ZnPg==\" style=\"--smush-placeholder-width: 1024px; --smush-placeholder-aspect-ratio: 1024\/682;\" \/><\/figure>\n\n\n\n<figure class=\"wp-block-image size-large\"><img decoding=\"async\" width=\"1024\" height=\"683\" data-attachment-id=\"84623\" data-permalink=\"https:\/\/eldiariodesanpedro.com.ar\/sitio\/el-ministro-de-la-produccion-se-reunio-con-el-intendente-y-visito-el-hotel-spa-azahar\/131762546_1023344751498619_8192351681602658263_n\/\" data-orig-file=\"https:\/\/eldiariodesanpedro.com.ar\/sitio\/wp-content\/uploads\/2020\/12\/131762546_1023344751498619_8192351681602658263_n.jpg\" data-orig-size=\"1239,826\" data-comments-opened=\"1\" data-image-meta=\"{&quot;aperture&quot;:&quot;0&quot;,&quot;credit&quot;:&quot;&quot;,&quot;camera&quot;:&quot;&quot;,&quot;caption&quot;:&quot;&quot;,&quot;created_timestamp&quot;:&quot;0&quot;,&quot;copyright&quot;:&quot;&quot;,&quot;focal_length&quot;:&quot;0&quot;,&quot;iso&quot;:&quot;0&quot;,&quot;shutter_speed&quot;:&quot;0&quot;,&quot;title&quot;:&quot;&quot;,&quot;orientation&quot;:&quot;0&quot;}\" data-image-title=\"131762546_1023344751498619_8192351681602658263_n\" data-image-description=\"\" data-image-caption=\"\" data-large-file=\"https:\/\/eldiariodesanpedro.com.ar\/sitio\/wp-content\/uploads\/2020\/12\/131762546_1023344751498619_8192351681602658263_n-1024x683.jpg\" data-src=\"https:\/\/eldiariodesanpedro.com.ar\/sitio\/wp-content\/uploads\/2020\/12\/131762546_1023344751498619_8192351681602658263_n-1024x683.jpg\" alt=\"\" class=\"wp-image-84623 lazyload\" data-srcset=\"https:\/\/eldiariodesanpedro.com.ar\/sitio\/wp-content\/uploads\/2020\/12\/131762546_1023344751498619_8192351681602658263_n-1024x683.jpg 1024w, https:\/\/eldiariodesanpedro.com.ar\/sitio\/wp-content\/uploads\/2020\/12\/131762546_1023344751498619_8192351681602658263_n-300x200.jpg 300w, https:\/\/eldiariodesanpedro.com.ar\/sitio\/wp-content\/uploads\/2020\/12\/131762546_1023344751498619_8192351681602658263_n-768x512.jpg 768w, https:\/\/eldiariodesanpedro.com.ar\/sitio\/wp-content\/uploads\/2020\/12\/131762546_1023344751498619_8192351681602658263_n.jpg 1239w\" data-sizes=\"(max-width: 1024px) 100vw, 1024px\" src=\"data:image\/svg+xml;base64,PHN2ZyB3aWR0aD0iMSIgaGVpZ2h0PSIxIiB4bWxucz0iaHR0cDovL3d3dy53My5vcmcvMjAwMC9zdmciPjwvc3ZnPg==\" style=\"--smush-placeholder-width: 1024px; --smush-placeholder-aspect-ratio: 1024\/683;\" \/><\/figure>\n\n\n\n<figure class=\"wp-block-image size-large\"><img decoding=\"async\" width=\"1024\" height=\"682\" data-attachment-id=\"84625\" data-permalink=\"https:\/\/eldiariodesanpedro.com.ar\/sitio\/el-ministro-de-la-produccion-se-reunio-con-el-intendente-y-visito-el-hotel-spa-azahar\/131762536_897039684171184_2922307714405487397_n\/\" data-orig-file=\"https:\/\/eldiariodesanpedro.com.ar\/sitio\/wp-content\/uploads\/2020\/12\/131762536_897039684171184_2922307714405487397_n.jpg\" data-orig-size=\"1280,853\" data-comments-opened=\"1\" data-image-meta=\"{&quot;aperture&quot;:&quot;0&quot;,&quot;credit&quot;:&quot;&quot;,&quot;camera&quot;:&quot;&quot;,&quot;caption&quot;:&quot;&quot;,&quot;created_timestamp&quot;:&quot;0&quot;,&quot;copyright&quot;:&quot;&quot;,&quot;focal_length&quot;:&quot;0&quot;,&quot;iso&quot;:&quot;0&quot;,&quot;shutter_speed&quot;:&quot;0&quot;,&quot;title&quot;:&quot;&quot;,&quot;orientation&quot;:&quot;0&quot;}\" data-image-title=\"131762536_897039684171184_2922307714405487397_n\" data-image-description=\"\" data-image-caption=\"\" data-large-file=\"https:\/\/eldiariodesanpedro.com.ar\/sitio\/wp-content\/uploads\/2020\/12\/131762536_897039684171184_2922307714405487397_n-1024x682.jpg\" data-src=\"https:\/\/eldiariodesanpedro.com.ar\/sitio\/wp-content\/uploads\/2020\/12\/131762536_897039684171184_2922307714405487397_n-1024x682.jpg\" alt=\"\" class=\"wp-image-84625 lazyload\" data-srcset=\"https:\/\/eldiariodesanpedro.com.ar\/sitio\/wp-content\/uploads\/2020\/12\/131762536_897039684171184_2922307714405487397_n-1024x682.jpg 1024w, https:\/\/eldiariodesanpedro.com.ar\/sitio\/wp-content\/uploads\/2020\/12\/131762536_897039684171184_2922307714405487397_n-300x200.jpg 300w, https:\/\/eldiariodesanpedro.com.ar\/sitio\/wp-content\/uploads\/2020\/12\/131762536_897039684171184_2922307714405487397_n-768x512.jpg 768w, https:\/\/eldiariodesanpedro.com.ar\/sitio\/wp-content\/uploads\/2020\/12\/131762536_897039684171184_2922307714405487397_n.jpg 1280w\" data-sizes=\"(max-width: 1024px) 100vw, 1024px\" src=\"data:image\/svg+xml;base64,PHN2ZyB3aWR0aD0iMSIgaGVpZ2h0PSIxIiB4bWxucz0iaHR0cDovL3d3dy53My5vcmcvMjAwMC9zdmciPjwvc3ZnPg==\" style=\"--smush-placeholder-width: 1024px; --smush-placeholder-aspect-ratio: 1024\/682;\" \/><\/figure>\n","protected":false},"excerpt":{"rendered":"<p>El Ministro de la Producci\u00f3n de la Provincia de Buenos Aires Augusto Costa, la Subsecretaria de Turismo de la Provincia de Buenos Ianina Bak y la Subsecretaria de Industria, Pymes y Cooperativas Mariela Bembi, visitaron San Pedro esta tarde, para mantener una reuni\u00f3n con el Intendente Cecilio Salazar y realizar una recorrida por el Hotel [&hellip;]<\/p>\n","protected":false},"author":4,"featured_media":84620,"comment_status":"open","ping_status":"closed","sticky":false,"template":"","format":"standard","meta":{"om_disable_all_campaigns":false,"_jetpack_memberships_contains_paid_content":false,"footnotes":""},"categories":[2],"tags":[],"class_list":["post-84619","post","type-post","status-publish","format-standard","has-post-thumbnail","hentry","category-locales"],"aioseo_notices":[],"gutentor_comment":0,"jetpack_featured_media_url":"https:\/\/eldiariodesanpedro.com.ar\/sitio\/wp-content\/uploads\/2020\/12\/131891583_167943838401764_7760508250488932090_n.jpg","jetpack_shortlink":"https:\/\/wp.me\/p6RhLt-m0P","jetpack_sharing_enabled":true,"_links":{"self":[{"href":"https:\/\/eldiariodesanpedro.com.ar\/sitio\/wp-json\/wp\/v2\/posts\/84619","targetHints":{"allow":["GET"]}}],"collection":[{"href":"https:\/\/eldiariodesanpedro.com.ar\/sitio\/wp-json\/wp\/v2\/posts"}],"about":[{"href":"https:\/\/eldiariodesanpedro.com.ar\/sitio\/wp-json\/wp\/v2\/types\/post"}],"author":[{"embeddable":true,"href":"https:\/\/eldiariodesanpedro.com.ar\/sitio\/wp-json\/wp\/v2\/users\/4"}],"replies":[{"embeddable":true,"href":"https:\/\/eldiariodesanpedro.com.ar\/sitio\/wp-json\/wp\/v2\/comments?post=84619"}],"version-history":[{"count":1,"href":"https:\/\/eldiariodesanpedro.com.ar\/sitio\/wp-json\/wp\/v2\/posts\/84619\/revisions"}],"predecessor-version":[{"id":84626,"href":"https:\/\/eldiariodesanpedro.com.ar\/sitio\/wp-json\/wp\/v2\/posts\/84619\/revisions\/84626"}],"wp:featuredmedia":[{"embeddable":true,"href":"https:\/\/eldiariodesanpedro.com.ar\/sitio\/wp-json\/wp\/v2\/media\/84620"}],"wp:attachment":[{"href":"https:\/\/eldiariodesanpedro.com.ar\/sitio\/wp-json\/wp\/v2\/media?parent=84619"}],"wp:term":[{"taxonomy":"category","embeddable":true,"href":"https:\/\/eldiariodesanpedro.com.ar\/sitio\/wp-json\/wp\/v2\/categories?post=84619"},{"taxonomy":"post_tag","embeddable":true,"href":"https:\/\/eldiariodesanpedro.com.ar\/sitio\/wp-json\/wp\/v2\/tags?post=84619"}],"curies":[{"name":"wp","href":"https:\/\/api.w.org\/{rel}","templated":true}]}}