{"id":84614,"date":"2020-12-15T19:04:19","date_gmt":"2020-12-15T22:04:19","guid":{"rendered":"https:\/\/eldiariodesanpedro.com.ar\/sitio\/?p=84614"},"modified":"2020-12-15T19:04:23","modified_gmt":"2020-12-15T22:04:23","slug":"al-final-se-le-renueva-el-contrato-a-howard-marinas-hasta-el-2051","status":"publish","type":"post","link":"https:\/\/eldiariodesanpedro.com.ar\/sitio\/al-final-se-le-renueva-el-contrato-a-howard-marinas-hasta-el-2051\/","title":{"rendered":"Al final se le renueva el contrato a Howard Marinas hasta el 2051"},"content":{"rendered":"<!-- VideographyWP Plugin Message: Automatic video embedding prevented by plugin options. -->\n\n<p>La votaci\u00f3n que termin\u00f3 en esc\u00e1ndalo luego que el edil de Juntos por el Cambio Dami\u00e1n Lafalce votara en disidencia con su bloque suma un nuevo cap\u00edtulo: la Asesor\u00eda General de Gobierno emiti\u00f3 un dictamen, ante la consulta de la presidenta M\u00f3nica Otero, para rectificar el acta. La iniciativa necesitaba 10 votos para ser aprobado y obtuvo 11. La confusi\u00f3n surgi\u00f3 en la mayor\u00eda que se necesitaba para la aprobaci\u00f3n del expediente. Ahora el empresario Alejandro Monjo podr\u00e1 hacer uso del predio hasta el 2051, tal como hab\u00eda solicitado.<\/p>\n\n\n\n<p>El pedido del empresario Alejandro Monjo para extender la licitaci\u00f3n del predio donde se encuentra el Howard Johnson Marinas por otros 15 a\u00f1os, hasta el 2051, fue finalmente aprobado, luego que un dictamen de la Asesor\u00eda General de Gobierno revirtiera el acta del HCD.<\/p>\n\n\n\n<p>El 12 de noviembre el tratamiento del expediente iniciado por el pedido del empresario tuvo tratamiento en el recinto. Sorpresivamente, el concejal Dami\u00e1n Lafalce, del PRO, vot\u00f3 en disidencia con el resto de su bloque, por la negativa. Con el voto de los seis ediles del Frente de Todos, el resultado fue 11 a 7. \u00abDesaprobado\u00bb, dijo la presidenta M\u00f3nica Otero, aclarando que se necesitaban 12 votos.&nbsp;<\/p>\n\n\n\n<p>La sesi\u00f3n sigui\u00f3 aunque toda la atenci\u00f3n, y la tensi\u00f3n, estaban puestas en Lafalce y su voto sorpresivo. Sin embargo, fue d\u00edas despu\u00e9s que se cay\u00f3 en la cuenta del error por lo que se pidi\u00f3 asesoramiento a la Asesor\u00eda General de Gobierno quien termin\u00f3 confirmando que el expediente hab\u00eda sido aprobado, ya que solo necesitaban 10 votos para hacerlo.&nbsp;<\/p>\n\n\n\n<p>En la pr\u00f3xima sesi\u00f3n, que ser\u00e1 extraordinaria, el Concejo Deliberante deber\u00e1 rectificar el error que ninguno not\u00f3 en el recinto.\u00a0<\/p>\n\n\n\n<p>Fuente: Visi\u00f3n Regional<\/p>\n","protected":false},"excerpt":{"rendered":"<p>La votaci\u00f3n que termin\u00f3 en esc\u00e1ndalo luego que el edil de Juntos por el Cambio Dami\u00e1n Lafalce votara en disidencia con su bloque suma un nuevo cap\u00edtulo: la Asesor\u00eda General de Gobierno emiti\u00f3 un dictamen, ante la consulta de la presidenta M\u00f3nica Otero, para rectificar el acta. La iniciativa necesitaba 10 votos para ser aprobado [&hellip;]<\/p>\n","protected":false},"author":4,"featured_media":84615,"comment_status":"open","ping_status":"closed","sticky":false,"template":"","format":"standard","meta":{"om_disable_all_campaigns":false,"_jetpack_memberships_contains_paid_content":false,"footnotes":""},"categories":[50,101,2],"tags":[],"class_list":["post-84614","post","type-post","status-publish","format-standard","has-post-thumbnail","hentry","category-destacadas","category-interes-general-locales","category-locales"],"aioseo_notices":[],"gutentor_comment":0,"jetpack_featured_media_url":"https:\/\/eldiariodesanpedro.com.ar\/sitio\/wp-content\/uploads\/2020\/12\/Marinas-del-Howard-Johnson.png","jetpack_shortlink":"https:\/\/wp.me\/p6RhLt-m0K","jetpack_sharing_enabled":true,"_links":{"self":[{"href":"https:\/\/eldiariodesanpedro.com.ar\/sitio\/wp-json\/wp\/v2\/posts\/84614","targetHints":{"allow":["GET"]}}],"collection":[{"href":"https:\/\/eldiariodesanpedro.com.ar\/sitio\/wp-json\/wp\/v2\/posts"}],"about":[{"href":"https:\/\/eldiariodesanpedro.com.ar\/sitio\/wp-json\/wp\/v2\/types\/post"}],"author":[{"embeddable":true,"href":"https:\/\/eldiariodesanpedro.com.ar\/sitio\/wp-json\/wp\/v2\/users\/4"}],"replies":[{"embeddable":true,"href":"https:\/\/eldiariodesanpedro.com.ar\/sitio\/wp-json\/wp\/v2\/comments?post=84614"}],"version-history":[{"count":1,"href":"https:\/\/eldiariodesanpedro.com.ar\/sitio\/wp-json\/wp\/v2\/posts\/84614\/revisions"}],"predecessor-version":[{"id":84616,"href":"https:\/\/eldiariodesanpedro.com.ar\/sitio\/wp-json\/wp\/v2\/posts\/84614\/revisions\/84616"}],"wp:featuredmedia":[{"embeddable":true,"href":"https:\/\/eldiariodesanpedro.com.ar\/sitio\/wp-json\/wp\/v2\/media\/84615"}],"wp:attachment":[{"href":"https:\/\/eldiariodesanpedro.com.ar\/sitio\/wp-json\/wp\/v2\/media?parent=84614"}],"wp:term":[{"taxonomy":"category","embeddable":true,"href":"https:\/\/eldiariodesanpedro.com.ar\/sitio\/wp-json\/wp\/v2\/categories?post=84614"},{"taxonomy":"post_tag","embeddable":true,"href":"https:\/\/eldiariodesanpedro.com.ar\/sitio\/wp-json\/wp\/v2\/tags?post=84614"}],"curies":[{"name":"wp","href":"https:\/\/api.w.org\/{rel}","templated":true}]}}