{"id":84609,"date":"2020-12-15T18:04:58","date_gmt":"2020-12-15T21:04:58","guid":{"rendered":"https:\/\/eldiariodesanpedro.com.ar\/sitio\/?p=84609"},"modified":"2020-12-15T18:05:02","modified_gmt":"2020-12-15T21:05:02","slug":"bomberos-sampedrinos-integran-la-segunda-brigada-usar-de-la-argentina","status":"publish","type":"post","link":"https:\/\/eldiariodesanpedro.com.ar\/sitio\/bomberos-sampedrinos-integran-la-segunda-brigada-usar-de-la-argentina\/","title":{"rendered":"Bomberos sampedrinos integran la segunda Brigada Usar de la Argentina"},"content":{"rendered":"<!-- VideographyWP Plugin Message: Automatic video embedding prevented by plugin options. -->\n\n<p>Los \u00faltimos ejercicios se efectuaron en la localidad de Ituzaing\u00f3 y el grupo de brigadistas podr\u00e1n intervenir en cualquier siniestro al que sea convocado dentro del territorio nacional.<\/p>\n\n\n\n<p>Con el desarrollo de la instrucci\u00f3n final dictada los d\u00edas 12 y 13 de diciembre en la localidad de Ituzaing\u00f3, la Brigada USAR 2 de Junio rindi\u00f3 y aprob\u00f3 el ejercicio que le permite obtener la certificaci\u00f3n a nivel nacional.<\/p>\n\n\n\n<p>La flamante Brigada USAR est\u00e1 compuesta por 80 Bomberos de distintos cuarteles de los cuales 6 pertenecen al cuerpo de Bomberos Voluntarios de San Pedro.<\/p>\n\n\n\n<p>N\u00e9stor Torrens, Luis Torrens, Alejandro Garc\u00eda, Gonzalo Medrano, Natalia Luppi, Angel Mallo y Luis Silva, son los sampedrinos que participaron de la importante capacitaci\u00f3n e integran la Brigada especializada en rescate y b\u00fasqueda en estructuras colapsadas.<\/p>\n\n\n\n<p>Esto, a la vez, la convierte junto a la Federaci\u00f3n C\u00f3rdoba, en las \u00fanicas del pa\u00eds en obtener dicha acreditaci\u00f3n para intervenir en cualquier evento que se origine en el territorio nacional y pasar a ser una de las 11 Brigadas que existen en Latinoam\u00e9rica.<\/p>\n\n\n\n<p>\u201cQuiero destacar el apoyo de los directivos de Bomberos a la hora de componer la brigada\u201d, dijo el Comandante Mayor Silvio Torrens en el aire de FM G\u00e9nesis. &nbsp;<\/p>\n\n\n\n<p>\u201cEs una brigada nacional integrada por Bomberos de distintos cuarteles\u201d. \u201cSe estableci\u00f3 un punto de encuentro que en esta oportunidad fue Ituzaing\u00f3, pero dependiendo el lugar adonde haya que concurrir se designa un lugar puntual, de all\u00ed se sale a cada intervenci\u00f3n\u201d.<\/p>\n\n\n\n<p>\u201cSomos dos l\u00edderes\u201d, dijo Torrens, \u201cSoy uno de los encargados en convocar a cada brigadista, tenemos cuatro horas para reunirnos en el punto de encuentro y dese all\u00ed dirigirnos al lugar en cuesti\u00f3n\u201d, coment\u00f3.<\/p>\n\n\n\n<p>El proceso estuvo auditado por un grupo a cargo de Mart\u00edn Lisarrague, Punto Focal Operativo de INSARAG en Argentina, Director Nacional de CUO, Cmdt. Gral. Gustavo Nicola en representaci\u00f3n del Consejo Nacional y una delegaci\u00f3n de cuatro brigadistas de la brigada USAR ARG 10 de la Federaci\u00f3n C\u00f3rdoba. Adem\u00e1s, a lo largo de las jornadas estuvieron presentes el presidente de Federaci\u00f3n 2 de Junio, Juan Carlos Foresteir, el Secretario General de la ANB y Jefe de Bomberos Pacheco, Cmdt. Gral. Jos\u00e9 Cornejo; el Secretario de CUO, Sub Cmdt. Carlos Balmaceda, el director de Operaciones de la 2 de Junio Cte. Gral. Daniel Gallego.<\/p>\n\n\n\n<p>El d\u00eda s\u00e1bado el ejercicio comenz\u00f3 a las 7 hs. con el arribo de los integrantes de la brigada al lugar del encuentro. All\u00ed se realiz\u00f3 un chequeo m\u00e9dico al personal, a los binomios K9, y se hizo una revisi\u00f3n y control de veh\u00edculos antes de partir al sector designado para las actividades programadas. Se procedi\u00f3 al armado del campamento y las estaciones de UCC Y RDC, dando comienzo de esta forma al operativo de actuaci\u00f3n ante una contingencia por son convocadas las brigadas de b\u00fasqueda y rescate.<\/p>\n\n\n\n<p>Por otro lado, el domingo, se trabaj\u00f3 en los ejercicios designados utilizando las distintas t\u00e9cnicas de rescate. Cabe destacar que estuvo presente la presidenta de Cascos Blancos, Lic. Marina Cardelli.<\/p>\n\n\n\n<p>Algo a destacar es que los 36 brigadistas, comandados por el Cmdt. Claudio Derose, demostraron profesionalismo y capacidad, y un grado de concentraci\u00f3n y seriedad admirables, durante las casi 36 horas de trabajo incansable.<\/p>\n\n\n\n<figure class=\"wp-block-image size-large is-resized\"><img decoding=\"async\" data-attachment-id=\"84611\" data-permalink=\"https:\/\/eldiariodesanpedro.com.ar\/sitio\/bomberos-sampedrinos-integran-la-segunda-brigada-usar-de-la-argentina\/131887794_571689217039369_3569301028141566040_n\/\" data-orig-file=\"https:\/\/eldiariodesanpedro.com.ar\/sitio\/wp-content\/uploads\/2020\/12\/131887794_571689217039369_3569301028141566040_n.jpg\" data-orig-size=\"1280,784\" data-comments-opened=\"1\" data-image-meta=\"{&quot;aperture&quot;:&quot;0&quot;,&quot;credit&quot;:&quot;&quot;,&quot;camera&quot;:&quot;&quot;,&quot;caption&quot;:&quot;&quot;,&quot;created_timestamp&quot;:&quot;0&quot;,&quot;copyright&quot;:&quot;&quot;,&quot;focal_length&quot;:&quot;0&quot;,&quot;iso&quot;:&quot;0&quot;,&quot;shutter_speed&quot;:&quot;0&quot;,&quot;title&quot;:&quot;&quot;,&quot;orientation&quot;:&quot;0&quot;}\" data-image-title=\"131887794_571689217039369_3569301028141566040_n\" data-image-description=\"\" data-image-caption=\"\" data-large-file=\"https:\/\/eldiariodesanpedro.com.ar\/sitio\/wp-content\/uploads\/2020\/12\/131887794_571689217039369_3569301028141566040_n-1024x627.jpg\" data-src=\"https:\/\/eldiariodesanpedro.com.ar\/sitio\/wp-content\/uploads\/2020\/12\/131887794_571689217039369_3569301028141566040_n-1024x627.jpg\" alt=\"\" class=\"wp-image-84611 lazyload\" width=\"580\" height=\"355\" data-srcset=\"https:\/\/eldiariodesanpedro.com.ar\/sitio\/wp-content\/uploads\/2020\/12\/131887794_571689217039369_3569301028141566040_n-1024x627.jpg 1024w, https:\/\/eldiariodesanpedro.com.ar\/sitio\/wp-content\/uploads\/2020\/12\/131887794_571689217039369_3569301028141566040_n-300x184.jpg 300w, https:\/\/eldiariodesanpedro.com.ar\/sitio\/wp-content\/uploads\/2020\/12\/131887794_571689217039369_3569301028141566040_n-768x470.jpg 768w, https:\/\/eldiariodesanpedro.com.ar\/sitio\/wp-content\/uploads\/2020\/12\/131887794_571689217039369_3569301028141566040_n.jpg 1280w\" data-sizes=\"(max-width: 580px) 100vw, 580px\" src=\"data:image\/svg+xml;base64,PHN2ZyB3aWR0aD0iMSIgaGVpZ2h0PSIxIiB4bWxucz0iaHR0cDovL3d3dy53My5vcmcvMjAwMC9zdmciPjwvc3ZnPg==\" style=\"--smush-placeholder-width: 580px; --smush-placeholder-aspect-ratio: 580\/355;\" \/><\/figure>\n\n\n\n<figure class=\"wp-block-image size-large\"><img decoding=\"async\" width=\"1024\" height=\"498\" data-attachment-id=\"84612\" data-permalink=\"https:\/\/eldiariodesanpedro.com.ar\/sitio\/bomberos-sampedrinos-integran-la-segunda-brigada-usar-de-la-argentina\/131664288_399934904669180_6946674320922620817_n\/\" data-orig-file=\"https:\/\/eldiariodesanpedro.com.ar\/sitio\/wp-content\/uploads\/2020\/12\/131664288_399934904669180_6946674320922620817_n.jpg\" data-orig-size=\"1080,525\" data-comments-opened=\"1\" data-image-meta=\"{&quot;aperture&quot;:&quot;0&quot;,&quot;credit&quot;:&quot;&quot;,&quot;camera&quot;:&quot;&quot;,&quot;caption&quot;:&quot;&quot;,&quot;created_timestamp&quot;:&quot;0&quot;,&quot;copyright&quot;:&quot;&quot;,&quot;focal_length&quot;:&quot;0&quot;,&quot;iso&quot;:&quot;0&quot;,&quot;shutter_speed&quot;:&quot;0&quot;,&quot;title&quot;:&quot;&quot;,&quot;orientation&quot;:&quot;0&quot;}\" data-image-title=\"131664288_399934904669180_6946674320922620817_n\" data-image-description=\"\" data-image-caption=\"\" data-large-file=\"https:\/\/eldiariodesanpedro.com.ar\/sitio\/wp-content\/uploads\/2020\/12\/131664288_399934904669180_6946674320922620817_n-1024x498.jpg\" data-src=\"https:\/\/eldiariodesanpedro.com.ar\/sitio\/wp-content\/uploads\/2020\/12\/131664288_399934904669180_6946674320922620817_n-1024x498.jpg\" alt=\"\" class=\"wp-image-84612 lazyload\" data-srcset=\"https:\/\/eldiariodesanpedro.com.ar\/sitio\/wp-content\/uploads\/2020\/12\/131664288_399934904669180_6946674320922620817_n-1024x498.jpg 1024w, https:\/\/eldiariodesanpedro.com.ar\/sitio\/wp-content\/uploads\/2020\/12\/131664288_399934904669180_6946674320922620817_n-300x146.jpg 300w, https:\/\/eldiariodesanpedro.com.ar\/sitio\/wp-content\/uploads\/2020\/12\/131664288_399934904669180_6946674320922620817_n-768x373.jpg 768w, https:\/\/eldiariodesanpedro.com.ar\/sitio\/wp-content\/uploads\/2020\/12\/131664288_399934904669180_6946674320922620817_n.jpg 1080w\" data-sizes=\"(max-width: 1024px) 100vw, 1024px\" src=\"data:image\/svg+xml;base64,PHN2ZyB3aWR0aD0iMSIgaGVpZ2h0PSIxIiB4bWxucz0iaHR0cDovL3d3dy53My5vcmcvMjAwMC9zdmciPjwvc3ZnPg==\" style=\"--smush-placeholder-width: 1024px; --smush-placeholder-aspect-ratio: 1024\/498;\" \/><\/figure>\n\n\n\n<p>Fuente: San pedro Informa<\/p>\n\n\n\n<p><\/p>\n","protected":false},"excerpt":{"rendered":"<p>Los \u00faltimos ejercicios se efectuaron en la localidad de Ituzaing\u00f3 y el grupo de brigadistas podr\u00e1n intervenir en cualquier siniestro al que sea convocado dentro del territorio nacional. Con el desarrollo de la instrucci\u00f3n final dictada los d\u00edas 12 y 13 de diciembre en la localidad de Ituzaing\u00f3, la Brigada USAR 2 de Junio rindi\u00f3 [&hellip;]<\/p>\n","protected":false},"author":4,"featured_media":84610,"comment_status":"open","ping_status":"closed","sticky":false,"template":"","format":"standard","meta":{"om_disable_all_campaigns":false,"_jetpack_memberships_contains_paid_content":false,"footnotes":""},"categories":[50,101,2],"tags":[],"class_list":["post-84609","post","type-post","status-publish","format-standard","has-post-thumbnail","hentry","category-destacadas","category-interes-general-locales","category-locales"],"aioseo_notices":[],"gutentor_comment":0,"jetpack_featured_media_url":"https:\/\/eldiariodesanpedro.com.ar\/sitio\/wp-content\/uploads\/2020\/12\/131888977_763618770905006_2866730161628784950_n.jpg","jetpack_shortlink":"https:\/\/wp.me\/p6RhLt-m0F","jetpack_sharing_enabled":true,"_links":{"self":[{"href":"https:\/\/eldiariodesanpedro.com.ar\/sitio\/wp-json\/wp\/v2\/posts\/84609","targetHints":{"allow":["GET"]}}],"collection":[{"href":"https:\/\/eldiariodesanpedro.com.ar\/sitio\/wp-json\/wp\/v2\/posts"}],"about":[{"href":"https:\/\/eldiariodesanpedro.com.ar\/sitio\/wp-json\/wp\/v2\/types\/post"}],"author":[{"embeddable":true,"href":"https:\/\/eldiariodesanpedro.com.ar\/sitio\/wp-json\/wp\/v2\/users\/4"}],"replies":[{"embeddable":true,"href":"https:\/\/eldiariodesanpedro.com.ar\/sitio\/wp-json\/wp\/v2\/comments?post=84609"}],"version-history":[{"count":1,"href":"https:\/\/eldiariodesanpedro.com.ar\/sitio\/wp-json\/wp\/v2\/posts\/84609\/revisions"}],"predecessor-version":[{"id":84613,"href":"https:\/\/eldiariodesanpedro.com.ar\/sitio\/wp-json\/wp\/v2\/posts\/84609\/revisions\/84613"}],"wp:featuredmedia":[{"embeddable":true,"href":"https:\/\/eldiariodesanpedro.com.ar\/sitio\/wp-json\/wp\/v2\/media\/84610"}],"wp:attachment":[{"href":"https:\/\/eldiariodesanpedro.com.ar\/sitio\/wp-json\/wp\/v2\/media?parent=84609"}],"wp:term":[{"taxonomy":"category","embeddable":true,"href":"https:\/\/eldiariodesanpedro.com.ar\/sitio\/wp-json\/wp\/v2\/categories?post=84609"},{"taxonomy":"post_tag","embeddable":true,"href":"https:\/\/eldiariodesanpedro.com.ar\/sitio\/wp-json\/wp\/v2\/tags?post=84609"}],"curies":[{"name":"wp","href":"https:\/\/api.w.org\/{rel}","templated":true}]}}